{"id":530,"date":"2025-06-24T12:46:23","date_gmt":"2025-06-24T12:46:23","guid":{"rendered":"https:\/\/fk-villastahmer.de\/?p=530"},"modified":"2025-06-24T12:47:13","modified_gmt":"2025-06-24T12:47:13","slug":"lieder-an-einem-sommerabend-3","status":"publish","type":"post","link":"https:\/\/fk-villastahmer.de\/?p=530","title":{"rendered":"Lieder an einem Sommerabend"},"content":{"rendered":"<h3><strong><em>Open-Air-Konzert <\/em><\/strong><\/h3>\n<h1><strong><em>\u201eLieder an einem Sommerabend\u201c <\/em><\/strong><strong>\u00a0<\/strong><strong><sub>\u00a0<\/sub><\/strong><\/h1>\n<h2><strong>Rudolf Engelbrecht, Gitarre und Gesang <\/strong><\/h2>\n<p>&nbsp;<\/p>\n<h3><strong>Freitag, 25. Juli 2025, 19 Uhr <\/strong><\/h3>\n<p>&nbsp;<\/p>\n<p>&nbsp;<\/p>\n<p>Ausgehend von Deutschland f\u00fchrt die musikalische Reise in unsere europ\u00e4ischen Nachbarl\u00e4nder.<\/p>\n<p>H\u00f6hepunkte dabei sind sicherlich ein Medley von italienischen Klassikern und ein englischsprachiges Medley aus den 20er Jahren. All diese Lieder laden auch zum Mitsingen ein.<\/p>\n<p>Dar\u00fcber hinaus gehen wir gemeinsam mit Harry Belafonte in die Karibik.<\/p>\n<p>Daneben lassen auch Johnny Cash, Chris Kristoferson und Elvis Presley gr\u00fc\u00dfen.<\/p>\n<p>Sogar Tangos aus Argentinien geh\u00f6ren zum Programm.<\/p>\n<p>&nbsp;<\/p>\n<p>Auch k\u00f6nnen Sie auf die ein oder andere \u00dcberraschung gespannt sein.<\/p>\n<p>&nbsp;<\/p>\n<p><strong>Ort:\u00a0 Museum Villa Stahmer, Carl-Stahmer-Weg 13, 49124 Georgsmarienh\u00fctte <\/strong><\/p>\n<p><strong>Abendkasse:\u00a0 12 \u20ac\u00a0\u00a0\u00a0\u00a0\u00a0\u00a0\u00a0\u00a0\u00a0\u00a0\u00a0\u00a0\u00a0\u00a0\u00a0\u00a0\u00a0\u00a0\u00a0\u00a0\u00a0\u00a0\u00a0\u00a0\u00a0\u00a0\u00a0\u00a0\u00a0\u00a0\u00a0\u00a0\u00a0\u00a0\u00a0\u00a0\u00a0\u00a0\u00a0\u00a0\u00a0\u00a0\u00a0\u00a0\u00a0\u00a0\u00a0\u00a0\u00a0\u00a0\u00a0\u00a0\u00a0\u00a0\u00a0\u00a0\u00a0\u00a0\u00a0\u00a0\u00a0\u00a0\u00a0\u00a0\u00a0\u00a0\u00a0\u00a0\u00a0\u00a0\u00a0\u00a0\u00a0\u00a0\u00a0\u00a0\u00a0\u00a0\u00a0\u00a0\u00a0\u00a0\u00a0\u00a0\u00a0\u00a0\u00a0 <\/strong><\/p>\n<p><strong>Kartenreservierungen unter 0176 &#8211; 70242395 oder <a href=\"mailto:info@fk-villastahmer.de\">info@fk-villastahmer.de <\/a><\/strong><\/p>\n","protected":false},"excerpt":{"rendered":"<p>Open-Air-Konzert \u201eLieder an einem Sommerabend\u201c \u00a0\u00a0 Rudolf Engelbrecht, Gitarre und Gesang &nbsp; Freitag, 25. Juli 2025, 19 Uhr &nbsp; &nbsp; Ausgehend von Deutschland f\u00fchrt die musikalische Reise in unsere europ\u00e4ischen Nachbarl\u00e4nder. H\u00f6hepunkte dabei sind sicherlich ein Medley von italienischen Klassikern&#8230; <a href=\"https:\/\/fk-villastahmer.de\/?p=530\" class=\"readmore\">Mehr lesen &#8230;<span class=\"screen-reader-text\">Lieder an einem Sommerabend<\/span><span class=\"fa fa-angle-double-right\" aria-hidden=\"true\"><\/span><\/a><\/p>\n","protected":false},"author":1,"featured_media":531,"comment_status":"closed","ping_status":"closed","sticky":false,"template":"","format":"standard","meta":{"footnotes":""},"categories":[4],"tags":[],"class_list":["post-530","post","type-post","status-publish","format-standard","has-post-thumbnail","hentry","category-veranstaltungen","content-layout-full"],"rttpg_featured_image_url":{"full":["https:\/\/fk-villastahmer.de\/wp-content\/uploads\/2025\/06\/PLakat4-Engelbrecht.jpg",1240,1754,false],"landscape":["https:\/\/fk-villastahmer.de\/wp-content\/uploads\/2025\/06\/PLakat4-Engelbrecht.jpg",1240,1754,false],"portraits":["https:\/\/fk-villastahmer.de\/wp-content\/uploads\/2025\/06\/PLakat4-Engelbrecht.jpg",1240,1754,false],"thumbnail":["https:\/\/fk-villastahmer.de\/wp-content\/uploads\/2025\/06\/PLakat4-Engelbrecht-150x150.jpg",150,150,true],"medium":["https:\/\/fk-villastahmer.de\/wp-content\/uploads\/2025\/06\/PLakat4-Engelbrecht-212x300.jpg",212,300,true],"large":["https:\/\/fk-villastahmer.de\/wp-content\/uploads\/2025\/06\/PLakat4-Engelbrecht-724x1024.jpg",724,1024,true],"1536x1536":["https:\/\/fk-villastahmer.de\/wp-content\/uploads\/2025\/06\/PLakat4-Engelbrecht-1086x1536.jpg",1086,1536,true],"2048x2048":["https:\/\/fk-villastahmer.de\/wp-content\/uploads\/2025\/06\/PLakat4-Engelbrecht.jpg",1240,1754,false]},"rttpg_author":{"display_name":"g","author_link":"https:\/\/fk-villastahmer.de\/?author=1"},"rttpg_comment":0,"rttpg_category":"<a href=\"https:\/\/fk-villastahmer.de\/?cat=4\" rel=\"category\">Veranstaltungen<\/a>","rttpg_excerpt":"Open-Air-Konzert \u201eLieder an einem Sommerabend\u201c \u00a0\u00a0 Rudolf Engelbrecht, Gitarre und Gesang &nbsp; Freitag, 25. Juli 2025, 19 Uhr &nbsp; &nbsp; Ausgehend von Deutschland f\u00fchrt die musikalische Reise in unsere europ\u00e4ischen Nachbarl\u00e4nder. H\u00f6hepunkte dabei sind sicherlich ein Medley von italienischen Klassikern... Mehr lesen ...Lieder an einem Sommerabend","_links":{"self":[{"href":"https:\/\/fk-villastahmer.de\/index.php?rest_route=\/wp\/v2\/posts\/530","targetHints":{"allow":["GET"]}}],"collection":[{"href":"https:\/\/fk-villastahmer.de\/index.php?rest_route=\/wp\/v2\/posts"}],"about":[{"href":"https:\/\/fk-villastahmer.de\/index.php?rest_route=\/wp\/v2\/types\/post"}],"author":[{"embeddable":true,"href":"https:\/\/fk-villastahmer.de\/index.php?rest_route=\/wp\/v2\/users\/1"}],"replies":[{"embeddable":true,"href":"https:\/\/fk-villastahmer.de\/index.php?rest_route=%2Fwp%2Fv2%2Fcomments&post=530"}],"version-history":[{"count":1,"href":"https:\/\/fk-villastahmer.de\/index.php?rest_route=\/wp\/v2\/posts\/530\/revisions"}],"predecessor-version":[{"id":532,"href":"https:\/\/fk-villastahmer.de\/index.php?rest_route=\/wp\/v2\/posts\/530\/revisions\/532"}],"wp:featuredmedia":[{"embeddable":true,"href":"https:\/\/fk-villastahmer.de\/index.php?rest_route=\/wp\/v2\/media\/531"}],"wp:attachment":[{"href":"https:\/\/fk-villastahmer.de\/index.php?rest_route=%2Fwp%2Fv2%2Fmedia&parent=530"}],"wp:term":[{"taxonomy":"category","embeddable":true,"href":"https:\/\/fk-villastahmer.de\/index.php?rest_route=%2Fwp%2Fv2%2Fcategories&post=530"},{"taxonomy":"post_tag","embeddable":true,"href":"https:\/\/fk-villastahmer.de\/index.php?rest_route=%2Fwp%2Fv2%2Ftags&post=530"}],"curies":[{"name":"wp","href":"https:\/\/api.w.org\/{rel}","templated":true}]}}