{"id":524,"date":"2025-05-03T13:21:31","date_gmt":"2025-05-03T13:21:31","guid":{"rendered":"https:\/\/fk-villastahmer.de\/?p=524"},"modified":"2025-05-03T13:21:31","modified_gmt":"2025-05-03T13:21:31","slug":"vielfalt-befluegelt","status":"publish","type":"post","link":"https:\/\/fk-villastahmer.de\/?p=524","title":{"rendered":"Vielfalt befl\u00fcgelt"},"content":{"rendered":"<h2><strong><em>\u201eVielfalt befl\u00fcgelt\u201c\u00a0\u00a0\u00a0 <\/em><\/strong><\/h2>\n<p>&nbsp;<\/p>\n<h3><strong>Konzertabend der Konzertreihe \u201eKlassik Grenzenlos\u201c <\/strong><\/h3>\n<p><strong>\u00a0<\/strong><\/p>\n<h4><strong>Klavierduo Martijn und Stefan Blaak spielen <\/strong><\/h4>\n<h4><strong>Klaviermusik zu 4 H\u00e4nden <\/strong><\/h4>\n<p>&nbsp;<\/p>\n<h4><strong>Freitag, 23.05.2025, 19 Uhr\u00a0\u00a0\u00a0\u00a0\u00a0\u00a0\u00a0\u00a0\u00a0\u00a0\u00a0\u00a0\u00a0\u00a0\u00a0\u00a0\u00a0\u00a0\u00a0\u00a0\u00a0\u00a0\u00a0\u00a0\u00a0\u00a0\u00a0\u00a0\u00a0\u00a0\u00a0\u00a0\u00a0\u00a0\u00a0\u00a0\u00a0\u00a0\u00a0\u00a0\u00a0\u00a0\u00a0\u00a0\u00a0\u00a0\u00a0\u00a0\u00a0\u00a0\u00a0\u00a0\u00a0\u00a0\u00a0\u00a0\u00a0\u00a0\u00a0\u00a0 <\/strong><\/h4>\n<p>&nbsp;<\/p>\n<p>Die Br\u00fcder Martijn und Stefan Blaak sind gern gesehene G\u00e4ste bei internationalen Musikfestivals wie beim \u201eGrachtenfest Amsterdam, S\u00e4chsisches Mozartfest, Musikfestival Aix-en-Provence, Festival La Settimana d\u00c1rte di Cecina in Italien oder Green Lake Festival in Chicago, USA\u201c. Verschiedene Konzerttourneen f\u00fchrten sie durch die gro\u00dfen Konzerts\u00e4le Europas, wo sie inzwischen regelm\u00e4\u00dfig gastieren. Konzerte mit verschiedenen Sinfonieorchestern geh\u00f6ren ebenfalls zum Programm der beiden Pianisten, wie auch Radio- und Fernsehaufnahmen.<\/p>\n<p>Bereits 2023 gastierte das Duo Blaak mit einem wunderbaren Klavierprogramm in der Villa<\/p>\n<p>Stahmer. F\u00fcr das diesj\u00e4hrige Konzert haben sich die beiden Pianisten etwas Besonderes \u00fcberlegt. Neben drei ber\u00fchmten Vertretern deutscher und tschechischer Klavierromantik, wird Musik zweier niederl\u00e4ndischer Komponisten erklingen. Einer von ihnen ist Jeppe Moulijn (geb. 1972). Mit seiner \u201eSonate\u201c interpretieren Martijn und Stefan Blaak ein Werk, welches sie selbst 2019 beim Komponisten in Auftrag gegeben haben. In Moulijns virtuosem, dreis\u00e4tzigen Klavierwerk werden \u201eklassische\u201c Elemente, mit denen des \u201eJazz\u201c kombiniert.<\/p>\n<p>H\u00f6ren Sie in der Villa Stahmer spannende Kl\u00e4nge in einer seltenen Kombination: Werke von\u00a0 Franz Schubert, Jeppe Moulijn, Max Reger, Anton Dvor\u00e1k und Piet van Anrooij.<\/p>\n<p><strong>Ort:<\/strong>\u00a0\u00a0 Museum Villa Stahmer<\/p>\n<p><strong>Abendkasse:<\/strong> 14 \u20ac ,\u00a0 Sch\u00fcler\/Studenten 7 \u20ac<\/p>\n<p>Kartenreservierung unter <u>info@fk-villastahmer.de<\/u> oder 0176-70242395<\/p>\n<p>&nbsp;<\/p>\n<p><strong>In Kooperation mit <img loading=\"lazy\" decoding=\"async\" class=\"size-medium wp-image-525 aligncenter\" src=\"http:\/\/fk-villastahmer.de\/wp-content\/uploads\/2025\/05\/Klangspannungen-300x102.jpg\" alt=\"\" width=\"300\" height=\"102\" srcset=\"https:\/\/fk-villastahmer.de\/wp-content\/uploads\/2025\/05\/Klangspannungen-300x102.jpg 300w, https:\/\/fk-villastahmer.de\/wp-content\/uploads\/2025\/05\/Klangspannungen.jpg 432w\" sizes=\"auto, (max-width: 300px) 100vw, 300px\" \/><br \/>\n<\/strong><\/p>\n<p><strong>Gef\u00f6rdert wird die Konzertreihe durch den Landkreis Osnabr\u00fcck\u00a0<\/strong><\/p>\n","protected":false},"excerpt":{"rendered":"<p>\u201eVielfalt befl\u00fcgelt\u201c\u00a0\u00a0\u00a0 &nbsp; Konzertabend der Konzertreihe \u201eKlassik Grenzenlos\u201c \u00a0 Klavierduo Martijn und Stefan Blaak spielen Klaviermusik zu 4 H\u00e4nden &nbsp; Freitag, 23.05.2025, 19 Uhr\u00a0\u00a0\u00a0\u00a0\u00a0\u00a0\u00a0\u00a0\u00a0\u00a0\u00a0\u00a0\u00a0\u00a0\u00a0\u00a0\u00a0\u00a0\u00a0\u00a0\u00a0\u00a0\u00a0\u00a0\u00a0\u00a0\u00a0\u00a0\u00a0\u00a0\u00a0\u00a0\u00a0\u00a0\u00a0\u00a0\u00a0\u00a0\u00a0\u00a0\u00a0\u00a0\u00a0\u00a0\u00a0\u00a0\u00a0\u00a0\u00a0\u00a0\u00a0\u00a0\u00a0\u00a0\u00a0\u00a0\u00a0\u00a0\u00a0\u00a0 &nbsp; Die Br\u00fcder Martijn und Stefan Blaak sind gern gesehene G\u00e4ste bei internationalen Musikfestivals wie beim&#8230; <a href=\"https:\/\/fk-villastahmer.de\/?p=524\" class=\"readmore\">Mehr lesen &#8230;<span class=\"screen-reader-text\">Vielfalt befl\u00fcgelt<\/span><span class=\"fa fa-angle-double-right\" aria-hidden=\"true\"><\/span><\/a><\/p>\n","protected":false},"author":1,"featured_media":526,"comment_status":"closed","ping_status":"closed","sticky":false,"template":"","format":"standard","meta":{"footnotes":""},"categories":[4],"tags":[],"class_list":["post-524","post","type-post","status-publish","format-standard","has-post-thumbnail","hentry","category-veranstaltungen","content-layout-full"],"rttpg_featured_image_url":{"full":["https:\/\/fk-villastahmer.de\/wp-content\/uploads\/2025\/05\/PLakat3_Klavierkonzert-Blaak.jpg",1240,1754,false],"landscape":["https:\/\/fk-villastahmer.de\/wp-content\/uploads\/2025\/05\/PLakat3_Klavierkonzert-Blaak.jpg",1240,1754,false],"portraits":["https:\/\/fk-villastahmer.de\/wp-content\/uploads\/2025\/05\/PLakat3_Klavierkonzert-Blaak.jpg",1240,1754,false],"thumbnail":["https:\/\/fk-villastahmer.de\/wp-content\/uploads\/2025\/05\/PLakat3_Klavierkonzert-Blaak-150x150.jpg",150,150,true],"medium":["https:\/\/fk-villastahmer.de\/wp-content\/uploads\/2025\/05\/PLakat3_Klavierkonzert-Blaak-212x300.jpg",212,300,true],"large":["https:\/\/fk-villastahmer.de\/wp-content\/uploads\/2025\/05\/PLakat3_Klavierkonzert-Blaak-724x1024.jpg",724,1024,true],"1536x1536":["https:\/\/fk-villastahmer.de\/wp-content\/uploads\/2025\/05\/PLakat3_Klavierkonzert-Blaak-1086x1536.jpg",1086,1536,true],"2048x2048":["https:\/\/fk-villastahmer.de\/wp-content\/uploads\/2025\/05\/PLakat3_Klavierkonzert-Blaak.jpg",1240,1754,false]},"rttpg_author":{"display_name":"g","author_link":"https:\/\/fk-villastahmer.de\/?author=1"},"rttpg_comment":0,"rttpg_category":"<a href=\"https:\/\/fk-villastahmer.de\/?cat=4\" rel=\"category\">Veranstaltungen<\/a>","rttpg_excerpt":"\u201eVielfalt befl\u00fcgelt\u201c\u00a0\u00a0\u00a0 &nbsp; Konzertabend der Konzertreihe \u201eKlassik Grenzenlos\u201c \u00a0 Klavierduo Martijn und Stefan Blaak spielen Klaviermusik zu 4 H\u00e4nden &nbsp; Freitag, 23.05.2025, 19 Uhr\u00a0\u00a0\u00a0\u00a0\u00a0\u00a0\u00a0\u00a0\u00a0\u00a0\u00a0\u00a0\u00a0\u00a0\u00a0\u00a0\u00a0\u00a0\u00a0\u00a0\u00a0\u00a0\u00a0\u00a0\u00a0\u00a0\u00a0\u00a0\u00a0\u00a0\u00a0\u00a0\u00a0\u00a0\u00a0\u00a0\u00a0\u00a0\u00a0\u00a0\u00a0\u00a0\u00a0\u00a0\u00a0\u00a0\u00a0\u00a0\u00a0\u00a0\u00a0\u00a0\u00a0\u00a0\u00a0\u00a0\u00a0\u00a0\u00a0\u00a0 &nbsp; Die Br\u00fcder Martijn und Stefan Blaak sind gern gesehene G\u00e4ste bei internationalen Musikfestivals wie beim... Mehr lesen ...Vielfalt befl\u00fcgelt","_links":{"self":[{"href":"https:\/\/fk-villastahmer.de\/index.php?rest_route=\/wp\/v2\/posts\/524","targetHints":{"allow":["GET"]}}],"collection":[{"href":"https:\/\/fk-villastahmer.de\/index.php?rest_route=\/wp\/v2\/posts"}],"about":[{"href":"https:\/\/fk-villastahmer.de\/index.php?rest_route=\/wp\/v2\/types\/post"}],"author":[{"embeddable":true,"href":"https:\/\/fk-villastahmer.de\/index.php?rest_route=\/wp\/v2\/users\/1"}],"replies":[{"embeddable":true,"href":"https:\/\/fk-villastahmer.de\/index.php?rest_route=%2Fwp%2Fv2%2Fcomments&post=524"}],"version-history":[{"count":2,"href":"https:\/\/fk-villastahmer.de\/index.php?rest_route=\/wp\/v2\/posts\/524\/revisions"}],"predecessor-version":[{"id":528,"href":"https:\/\/fk-villastahmer.de\/index.php?rest_route=\/wp\/v2\/posts\/524\/revisions\/528"}],"wp:featuredmedia":[{"embeddable":true,"href":"https:\/\/fk-villastahmer.de\/index.php?rest_route=\/wp\/v2\/media\/526"}],"wp:attachment":[{"href":"https:\/\/fk-villastahmer.de\/index.php?rest_route=%2Fwp%2Fv2%2Fmedia&parent=524"}],"wp:term":[{"taxonomy":"category","embeddable":true,"href":"https:\/\/fk-villastahmer.de\/index.php?rest_route=%2Fwp%2Fv2%2Fcategories&post=524"},{"taxonomy":"post_tag","embeddable":true,"href":"https:\/\/fk-villastahmer.de\/index.php?rest_route=%2Fwp%2Fv2%2Ftags&post=524"}],"curies":[{"name":"wp","href":"https:\/\/api.w.org\/{rel}","templated":true}]}}