{"id":514,"date":"2025-02-26T16:29:32","date_gmt":"2025-02-26T16:29:32","guid":{"rendered":"https:\/\/fk-villastahmer.de\/?p=514"},"modified":"2025-02-26T16:31:48","modified_gmt":"2025-02-26T16:31:48","slug":"irischer-abend","status":"publish","type":"post","link":"https:\/\/fk-villastahmer.de\/?p=514","title":{"rendered":"Irischer Abend"},"content":{"rendered":"<h1 style=\"text-align: center;\"><strong><em>Irischer Abend <\/em><\/strong><strong>in der Villa Stahmer mit der Gruppe Free Waves<br \/>\n<\/strong><\/h1>\n<p><img loading=\"lazy\" decoding=\"async\" class=\"wp-image-515 aligncenter\" src=\"http:\/\/fk-villastahmer.de\/wp-content\/uploads\/2025\/02\/logo.jpg\" alt=\"\" width=\"203\" height=\"189\" \/><\/p>\n<p>&nbsp;<\/p>\n<p><strong>Free Waves<\/strong> spielen neben vielen irischen Songs auch bekannte St\u00fccke aus Pop, Folk &amp; Rock in eigener Interpretation und ihrem ganz individuellen Sound.<\/p>\n<p>Der charismatische S\u00e4nger und Gitarrist, der soundpr\u00e4gende Geiger und die Powerfrau am Schlagzeug pr\u00e4sentieren ein breitgef\u00e4chertes Repertoire von Avicii und Ed Sheeran \u00fcber die Dubliners und Neil Young bis zu den Red Hot Chili Peppers. Eigene St\u00fccke erg\u00e4nzen das Programm.<\/p>\n<p>Die Musik der <strong>Free Waves<\/strong> ist authentisch, leidenschaftlich, mitrei\u00dfend und begeistert ein breitgef\u00e4chertes Publikum \u2013 von ganz jung bis ganz jung geblieben!<\/p>\n<p>&nbsp;<\/p>\n<p><strong>Besetzung: <\/strong><\/p>\n<p>Andrea Carbone \u2013 Gesang, Harp, Gitarre<\/p>\n<p>Andr\u00e9 Petras \u2013 Geige, Ukulele<\/p>\n<p>Ute Weidemann \u2013 Drums, Percussion<\/p>\n<p>&nbsp;<\/p>\n<h4><strong>Freitag, 21. M\u00e4rz 2025<\/strong><\/h4>\n<h4><strong> Beginn:\u00a0\u00a0\u00a0 19 Uhr<\/strong><\/h4>\n<h4><strong>Ort:\u00a0 <\/strong><strong>Museum Villa Stahmer, Carl-Stahmer-Weg 13, 49124 Georgsmarienh\u00fctte<\/strong><strong> \u00a0\u00a0 <\/strong><\/h4>\n<h4><strong>Abendkasse:\u00a0\u00a0\u00a0\u00a0\u00a0\u00a0\u00a0\u00a0\u00a0\u00a0 16 \u20ac\u00a0\u00a0<\/strong><\/h4>\n<p><strong>\u00a0\u00a0\u00a0\u00a0\u00a0\u00a0\u00a0\u00a0\u00a0\u00a0\u00a0\u00a0\u00a0\u00a0\u00a0\u00a0\u00a0\u00a0\u00a0\u00a0\u00a0\u00a0\u00a0\u00a0\u00a0\u00a0\u00a0\u00a0\u00a0\u00a0\u00a0\u00a0\u00a0\u00a0\u00a0\u00a0\u00a0\u00a0\u00a0\u00a0\u00a0\u00a0\u00a0\u00a0\u00a0\u00a0\u00a0\u00a0\u00a0\u00a0\u00a0\u00a0\u00a0\u00a0\u00a0\u00a0\u00a0\u00a0\u00a0\u00a0\u00a0\u00a0\u00a0\u00a0\u00a0\u00a0\u00a0\u00a0\u00a0\u00a0\u00a0\u00a0\u00a0\u00a0\u00a0\u00a0\u00a0\u00a0\u00a0\u00a0\u00a0\u00a0\u00a0\u00a0\u00a0\u00a0\u00a0\u00a0\u00a0\u00a0\u00a0\u00a0\u00a0\u00a0\u00a0\u00a0\u00a0\u00a0\u00a0\u00a0\u00a0\u00a0\u00a0\u00a0\u00a0\u00a0\u00a0\u00a0\u00a0\u00a0\u00a0\u00a0\u00a0\u00a0\u00a0\u00a0\u00a0\u00a0\u00a0\u00a0\u00a0\u00a0\u00a0\u00a0\u00a0\u00a0\u00a0\u00a0\u00a0\u00a0\u00a0\u00a0\u00a0\u00a0\u00a0\u00a0\u00a0\u00a0\u00a0\u00a0\u00a0\u00a0 <\/strong><\/p>\n","protected":false},"excerpt":{"rendered":"<p>Irischer Abend in der Villa Stahmer mit der Gruppe Free Waves &nbsp; Free Waves spielen neben vielen irischen Songs auch bekannte St\u00fccke aus Pop, Folk &amp; Rock in eigener Interpretation und ihrem ganz individuellen Sound. Der charismatische S\u00e4nger und Gitarrist,&#8230; <a href=\"https:\/\/fk-villastahmer.de\/?p=514\" class=\"readmore\">Mehr lesen &#8230;<span class=\"screen-reader-text\">Irischer Abend<\/span><span class=\"fa fa-angle-double-right\" aria-hidden=\"true\"><\/span><\/a><\/p>\n","protected":false},"author":1,"featured_media":516,"comment_status":"closed","ping_status":"closed","sticky":false,"template":"","format":"standard","meta":{"footnotes":""},"categories":[4],"tags":[],"class_list":["post-514","post","type-post","status-publish","format-standard","has-post-thumbnail","hentry","category-veranstaltungen","content-layout-full"],"rttpg_featured_image_url":{"full":["https:\/\/fk-villastahmer.de\/wp-content\/uploads\/2025\/02\/Plakat2_Free-Waves.jpg",1275,1650,false],"landscape":["https:\/\/fk-villastahmer.de\/wp-content\/uploads\/2025\/02\/Plakat2_Free-Waves.jpg",1275,1650,false],"portraits":["https:\/\/fk-villastahmer.de\/wp-content\/uploads\/2025\/02\/Plakat2_Free-Waves.jpg",1275,1650,false],"thumbnail":["https:\/\/fk-villastahmer.de\/wp-content\/uploads\/2025\/02\/Plakat2_Free-Waves-150x150.jpg",150,150,true],"medium":["https:\/\/fk-villastahmer.de\/wp-content\/uploads\/2025\/02\/Plakat2_Free-Waves-232x300.jpg",232,300,true],"large":["https:\/\/fk-villastahmer.de\/wp-content\/uploads\/2025\/02\/Plakat2_Free-Waves-791x1024.jpg",791,1024,true],"1536x1536":["https:\/\/fk-villastahmer.de\/wp-content\/uploads\/2025\/02\/Plakat2_Free-Waves-1187x1536.jpg",1187,1536,true],"2048x2048":["https:\/\/fk-villastahmer.de\/wp-content\/uploads\/2025\/02\/Plakat2_Free-Waves.jpg",1275,1650,false]},"rttpg_author":{"display_name":"g","author_link":"https:\/\/fk-villastahmer.de\/?author=1"},"rttpg_comment":0,"rttpg_category":"<a href=\"https:\/\/fk-villastahmer.de\/?cat=4\" rel=\"category\">Veranstaltungen<\/a>","rttpg_excerpt":"Irischer Abend in der Villa Stahmer mit der Gruppe Free Waves &nbsp; Free Waves spielen neben vielen irischen Songs auch bekannte St\u00fccke aus Pop, Folk &amp; Rock in eigener Interpretation und ihrem ganz individuellen Sound. Der charismatische S\u00e4nger und Gitarrist,... Mehr lesen ...Irischer Abend","_links":{"self":[{"href":"https:\/\/fk-villastahmer.de\/index.php?rest_route=\/wp\/v2\/posts\/514","targetHints":{"allow":["GET"]}}],"collection":[{"href":"https:\/\/fk-villastahmer.de\/index.php?rest_route=\/wp\/v2\/posts"}],"about":[{"href":"https:\/\/fk-villastahmer.de\/index.php?rest_route=\/wp\/v2\/types\/post"}],"author":[{"embeddable":true,"href":"https:\/\/fk-villastahmer.de\/index.php?rest_route=\/wp\/v2\/users\/1"}],"replies":[{"embeddable":true,"href":"https:\/\/fk-villastahmer.de\/index.php?rest_route=%2Fwp%2Fv2%2Fcomments&post=514"}],"version-history":[{"count":2,"href":"https:\/\/fk-villastahmer.de\/index.php?rest_route=\/wp\/v2\/posts\/514\/revisions"}],"predecessor-version":[{"id":518,"href":"https:\/\/fk-villastahmer.de\/index.php?rest_route=\/wp\/v2\/posts\/514\/revisions\/518"}],"wp:featuredmedia":[{"embeddable":true,"href":"https:\/\/fk-villastahmer.de\/index.php?rest_route=\/wp\/v2\/media\/516"}],"wp:attachment":[{"href":"https:\/\/fk-villastahmer.de\/index.php?rest_route=%2Fwp%2Fv2%2Fmedia&parent=514"}],"wp:term":[{"taxonomy":"category","embeddable":true,"href":"https:\/\/fk-villastahmer.de\/index.php?rest_route=%2Fwp%2Fv2%2Fcategories&post=514"},{"taxonomy":"post_tag","embeddable":true,"href":"https:\/\/fk-villastahmer.de\/index.php?rest_route=%2Fwp%2Fv2%2Ftags&post=514"}],"curies":[{"name":"wp","href":"https:\/\/api.w.org\/{rel}","templated":true}]}}