{"id":478,"date":"2024-10-26T16:57:42","date_gmt":"2024-10-26T16:57:42","guid":{"rendered":"https:\/\/fk-villastahmer.de\/?p=478"},"modified":"2024-10-26T17:06:57","modified_gmt":"2024-10-26T17:06:57","slug":"weihnachten-im-watt","status":"publish","type":"post","link":"https:\/\/fk-villastahmer.de\/?p=478","title":{"rendered":"Weihnachten im Watt"},"content":{"rendered":"<h3><strong>Ein Adventsabend voller Geschichten <\/strong><\/h3>\n<h2><strong>\u201e<em>Weihnachten im Watt<\/em>\u201c <\/strong><\/h2>\n<h3><strong>mit Ludger Abeln <\/strong><\/h3>\n<h4><strong>Donnerstag, 12. Dezember 2024 <\/strong><\/h4>\n<h4><strong>Beginn: 19 Uhr <\/strong><\/h4>\n<p>Ludger Abeln liebt Weihnachten besonders dann, wenn er sich mit seinen Zuh\u00f6rern \u00fcber herzallerliebste Weihnachtskatastrophen am\u00fcsieren darf. Garantiert treffen sie immer nur die anderen! Seit Jahren geht er mit fr\u00f6hlich-frechen Geschichten zum Fest auf Lesereise.<\/p>\n<p>Jetzt hat er sein eigenes Weihnachtsbuch geschrieben \u2013 einen literarischen Adventskalender auf hoch- und plattdeutsch. Warum hat Rudolph eine rote Nase, was macht eine Gruppe aus dem Ruhrgebiet am Heiligen Abend auf einer Sandbank und wie wurde aus dem Schlagers\u00e4nger Bata Ilic der Geistliche Pater Ilic? Die Antworten gibt Ludger Abeln in 24 Kurzgeschichten, eine f\u00fcr jeden Tag im Advent.<\/p>\n<p>F\u00fcr alle \u201eechten\u201c Norddeutschen und alle, die es werden wollen, hat er sie ins Plattdeutsche \u00fcbersetzt. <strong><em>Heel mooi Wiehnachten mitnanner!<\/em><\/strong><\/p>\n<p>Mit seinen Geschichten sorgt der geb\u00fcrtige Emsl\u00e4nder und Wahlostfriese regelm\u00e4\u00dfig f\u00fcr beste Stimmung im Publikum. Ludger Abeln arbeitete 25 Jahre f\u00fcr verschiedene Sender wie Antenne Niedersachsen, Sat 1 und vor allem im NDR-Fernsehen als Redakteur und Moderator. Er pr\u00e4sentiert seine Geschichten wahlweise auf Hoch- oder Plattdeutsch. In jedem Fall verspricht der Abend viel Spa\u00df mit Witz und frechem Humor.<\/p>\n<p>&nbsp;<\/p>\n<p>&nbsp;<\/p>\n<p><strong>Ort:\u00a0 Museum Villa Stahmer, Carl-Stahmer-Weg 13, 49124 Georgsmarienh\u00fctte <\/strong><\/p>\n<p><strong>Abendkasse:\u00a0 15 \u20ac\u00a0\u00a0\u00a0\u00a0\u00a0\u00a0\u00a0\u00a0\u00a0\u00a0\u00a0\u00a0\u00a0\u00a0\u00a0\u00a0\u00a0\u00a0\u00a0\u00a0\u00a0\u00a0\u00a0\u00a0\u00a0\u00a0\u00a0\u00a0\u00a0\u00a0\u00a0\u00a0\u00a0\u00a0\u00a0\u00a0\u00a0\u00a0\u00a0\u00a0\u00a0\u00a0\u00a0\u00a0\u00a0\u00a0\u00a0\u00a0\u00a0\u00a0\u00a0\u00a0\u00a0\u00a0\u00a0\u00a0\u00a0\u00a0\u00a0\u00a0\u00a0\u00a0\u00a0\u00a0\u00a0\u00a0\u00a0\u00a0\u00a0\u00a0\u00a0\u00a0\u00a0\u00a0\u00a0\u00a0\u00a0\u00a0\u00a0\u00a0\u00a0\u00a0\u00a0\u00a0\u00a0\u00a0 <\/strong><\/p>\n<p><strong>Kartenreservierungen unter 0176 &#8211; 70242395 oder info@fk-villastahmer.de <\/strong><\/p>\n","protected":false},"excerpt":{"rendered":"<p>Ein Adventsabend voller Geschichten \u201eWeihnachten im Watt\u201c mit Ludger Abeln Donnerstag, 12. Dezember 2024 Beginn: 19 Uhr Ludger Abeln liebt Weihnachten besonders dann, wenn er sich mit seinen Zuh\u00f6rern \u00fcber herzallerliebste Weihnachtskatastrophen am\u00fcsieren darf. Garantiert treffen sie immer nur die&#8230; <a href=\"https:\/\/fk-villastahmer.de\/?p=478\" class=\"readmore\">Mehr lesen &#8230;<span class=\"screen-reader-text\">Weihnachten im Watt<\/span><span class=\"fa fa-angle-double-right\" aria-hidden=\"true\"><\/span><\/a><\/p>\n","protected":false},"author":1,"featured_media":479,"comment_status":"closed","ping_status":"closed","sticky":false,"template":"","format":"standard","meta":{"footnotes":""},"categories":[4],"tags":[],"class_list":["post-478","post","type-post","status-publish","format-standard","has-post-thumbnail","hentry","category-veranstaltungen","content-layout-full"],"rttpg_featured_image_url":{"full":["https:\/\/fk-villastahmer.de\/wp-content\/uploads\/2024\/10\/Plakat12_Lesung.jpg",1275,1650,false],"landscape":["https:\/\/fk-villastahmer.de\/wp-content\/uploads\/2024\/10\/Plakat12_Lesung.jpg",1275,1650,false],"portraits":["https:\/\/fk-villastahmer.de\/wp-content\/uploads\/2024\/10\/Plakat12_Lesung.jpg",1275,1650,false],"thumbnail":["https:\/\/fk-villastahmer.de\/wp-content\/uploads\/2024\/10\/Plakat12_Lesung-150x150.jpg",150,150,true],"medium":["https:\/\/fk-villastahmer.de\/wp-content\/uploads\/2024\/10\/Plakat12_Lesung-232x300.jpg",232,300,true],"large":["https:\/\/fk-villastahmer.de\/wp-content\/uploads\/2024\/10\/Plakat12_Lesung-791x1024.jpg",791,1024,true],"1536x1536":["https:\/\/fk-villastahmer.de\/wp-content\/uploads\/2024\/10\/Plakat12_Lesung-1187x1536.jpg",1187,1536,true],"2048x2048":["https:\/\/fk-villastahmer.de\/wp-content\/uploads\/2024\/10\/Plakat12_Lesung.jpg",1275,1650,false]},"rttpg_author":{"display_name":"g","author_link":"https:\/\/fk-villastahmer.de\/?author=1"},"rttpg_comment":0,"rttpg_category":"<a href=\"https:\/\/fk-villastahmer.de\/?cat=4\" rel=\"category\">Veranstaltungen<\/a>","rttpg_excerpt":"Ein Adventsabend voller Geschichten \u201eWeihnachten im Watt\u201c mit Ludger Abeln Donnerstag, 12. Dezember 2024 Beginn: 19 Uhr Ludger Abeln liebt Weihnachten besonders dann, wenn er sich mit seinen Zuh\u00f6rern \u00fcber herzallerliebste Weihnachtskatastrophen am\u00fcsieren darf. Garantiert treffen sie immer nur die... Mehr lesen ...Weihnachten im Watt","_links":{"self":[{"href":"https:\/\/fk-villastahmer.de\/index.php?rest_route=\/wp\/v2\/posts\/478","targetHints":{"allow":["GET"]}}],"collection":[{"href":"https:\/\/fk-villastahmer.de\/index.php?rest_route=\/wp\/v2\/posts"}],"about":[{"href":"https:\/\/fk-villastahmer.de\/index.php?rest_route=\/wp\/v2\/types\/post"}],"author":[{"embeddable":true,"href":"https:\/\/fk-villastahmer.de\/index.php?rest_route=\/wp\/v2\/users\/1"}],"replies":[{"embeddable":true,"href":"https:\/\/fk-villastahmer.de\/index.php?rest_route=%2Fwp%2Fv2%2Fcomments&post=478"}],"version-history":[{"count":3,"href":"https:\/\/fk-villastahmer.de\/index.php?rest_route=\/wp\/v2\/posts\/478\/revisions"}],"predecessor-version":[{"id":482,"href":"https:\/\/fk-villastahmer.de\/index.php?rest_route=\/wp\/v2\/posts\/478\/revisions\/482"}],"wp:featuredmedia":[{"embeddable":true,"href":"https:\/\/fk-villastahmer.de\/index.php?rest_route=\/wp\/v2\/media\/479"}],"wp:attachment":[{"href":"https:\/\/fk-villastahmer.de\/index.php?rest_route=%2Fwp%2Fv2%2Fmedia&parent=478"}],"wp:term":[{"taxonomy":"category","embeddable":true,"href":"https:\/\/fk-villastahmer.de\/index.php?rest_route=%2Fwp%2Fv2%2Fcategories&post=478"},{"taxonomy":"post_tag","embeddable":true,"href":"https:\/\/fk-villastahmer.de\/index.php?rest_route=%2Fwp%2Fv2%2Ftags&post=478"}],"curies":[{"name":"wp","href":"https:\/\/api.w.org\/{rel}","templated":true}]}}