{"id":43,"date":"2023-06-10T18:07:57","date_gmt":"2023-06-10T18:07:57","guid":{"rendered":"http:\/\/fk-villastahmer.veldten.eu\/?p=43"},"modified":"2024-05-27T16:39:01","modified_gmt":"2024-05-27T16:39:01","slug":"sonor-teutonicus","status":"publish","type":"post","link":"https:\/\/fk-villastahmer.de\/?p=43","title":{"rendered":"Sonor Teutonicus"},"content":{"rendered":"\r\n<p>&nbsp;<\/p>\r\n<h3><strong>Open &#8211; Air<\/strong><br \/><strong>\u201eSonor Teutonicus\u201c<\/strong><br \/><strong>Fehde \u2013 Streiter \u2013 Friedensreiter<\/strong><\/h3>\r\n<h3><br \/><strong>Freitag, 16. Juni 2023, 19:30 Uhr<\/strong><\/h3>\r\n<p><br \/>Die Band \u201eSonor Teutonicus\u201c (dt. \u201cDer Teutonische Klang\u201d) aus dem Osnabr\u00fccker Land gestaltet<br \/>seit mehr als 15 Jahren mit ihrem akustischen Mittelalter-Folk-Rock mittelalterliche M\u00e4rkte,<br \/>Stadtfeste und Tavernen Abende. Das Repertoire der Truppe besteht aus Liedern des 13. -15 Jh.<br \/>sowie eigenen Songs, begleitet von Instrumenten wie Cister, Geige, Dudelsack und Schlagwerk.<br \/>Anl\u00e4sslich des 375sten Jubil\u00e4ums des Westf\u00e4lischen Friedens wagt \u201eSonor Teutonicus\u201c ein<br \/>besonderes Experiment: Auf der \u201eKulturb\u00fchne\u201c des Freundeskreises Museum Villa Stahmer<br \/>pr\u00e4sentiert die Gruppe unter dem Motto \u201cFehde -Streiter \u2013 Friedensreiter&#8220; Sagen aus Osnabr\u00fcck<br \/>und Umgebung in einem Konzert mit Lesung. Passend zum Anlass kreisen die ausgew\u00e4hlten<br \/>Lieder und Texte um das Thema \u201cKrieg und Frieden\u201d, \u201cAuseinandersetzung und Konflikt\u201d,<br \/>\u201cFriedensschluss und Vers\u00f6hnung\u201d.<br \/>Unterst\u00fctzt werden \u201eSonor Teutonicus\u201c bei ihrem Projekt von Osnabr\u00fccker K\u00fcnstlern wie dem<br \/>sagenumwobenen Heaven. Dieser hatte 2021 bereits ein \u00e4hnliches Format im Rahmen des<br \/>Kulturtriathlons ins Leben gerufen und gemeinsam mit \u201eSonor Teutonicus\u201c zur Auff\u00fchrung<br \/>gebracht. \u201cFehde &#8211; Streiter- Friedensreiter\u201d kn\u00fcpft an diese Idee an und entf\u00fchrt das Publikum in<br \/>die mystische Welt der Osnabr\u00fccker Sagen. Gestalten wie der R\u00e4uber Hardemente, der<br \/>Sachsenherzog Widukind oder die Steckenpferd-Reiter d\u00fcrfen dabei als \u201calte Bekannte\u201d nicht<br \/>fehlen.<br \/>Ort: Museum Villa Stahmer<br \/>Abendkasse: 16 \u20ac<br \/>Kartenreservierung unter info@fk-villastahmer.de oder 0176-70242395<\/p>\r\n","protected":false},"excerpt":{"rendered":"<p>&nbsp; Open &#8211; Air\u201eSonor Teutonicus\u201cFehde \u2013 Streiter \u2013 Friedensreiter Freitag, 16. Juni 2023, 19:30 Uhr Die Band \u201eSonor Teutonicus\u201c (dt. \u201cDer Teutonische Klang\u201d) aus dem Osnabr\u00fccker Land gestaltetseit mehr als 15 Jahren mit ihrem akustischen Mittelalter-Folk-Rock mittelalterliche M\u00e4rkte,Stadtfeste und Tavernen&#8230; <a href=\"https:\/\/fk-villastahmer.de\/?p=43\" class=\"readmore\">Mehr lesen &#8230;<span class=\"screen-reader-text\">Sonor Teutonicus<\/span><span class=\"fa fa-angle-double-right\" aria-hidden=\"true\"><\/span><\/a><\/p>\n","protected":false},"author":1,"featured_media":12,"comment_status":"closed","ping_status":"closed","sticky":false,"template":"","format":"standard","meta":{"footnotes":""},"categories":[4],"tags":[],"class_list":["post-43","post","type-post","status-publish","format-standard","has-post-thumbnail","hentry","category-veranstaltungen","content-layout-full"],"rttpg_featured_image_url":{"full":["https:\/\/fk-villastahmer.de\/wp-content\/uploads\/2023\/07\/Plakat5-Sonor-Teutonicus-e1716567099172.png",350,495,false],"landscape":["https:\/\/fk-villastahmer.de\/wp-content\/uploads\/2023\/07\/Plakat5-Sonor-Teutonicus-e1716567099172.png",350,495,false],"portraits":["https:\/\/fk-villastahmer.de\/wp-content\/uploads\/2023\/07\/Plakat5-Sonor-Teutonicus-e1716567099172.png",350,495,false],"thumbnail":["https:\/\/fk-villastahmer.de\/wp-content\/uploads\/2023\/07\/Plakat5-Sonor-Teutonicus-150x150.png",150,150,true],"medium":["https:\/\/fk-villastahmer.de\/wp-content\/uploads\/2023\/07\/Plakat5-Sonor-Teutonicus-212x300.png",212,300,true],"large":["https:\/\/fk-villastahmer.de\/wp-content\/uploads\/2023\/07\/Plakat5-Sonor-Teutonicus-e1716567099172.png",350,495,false],"1536x1536":["https:\/\/fk-villastahmer.de\/wp-content\/uploads\/2023\/07\/Plakat5-Sonor-Teutonicus-e1716567099172.png",350,495,false],"2048x2048":["https:\/\/fk-villastahmer.de\/wp-content\/uploads\/2023\/07\/Plakat5-Sonor-Teutonicus-e1716567099172.png",350,495,false]},"rttpg_author":{"display_name":"g","author_link":"https:\/\/fk-villastahmer.de\/?author=1"},"rttpg_comment":0,"rttpg_category":"<a href=\"https:\/\/fk-villastahmer.de\/?cat=4\" rel=\"category\">Veranstaltungen<\/a>","rttpg_excerpt":"&nbsp; Open &#8211; Air\u201eSonor Teutonicus\u201cFehde \u2013 Streiter \u2013 Friedensreiter Freitag, 16. Juni 2023, 19:30 Uhr Die Band \u201eSonor Teutonicus\u201c (dt. \u201cDer Teutonische Klang\u201d) aus dem Osnabr\u00fccker Land gestaltetseit mehr als 15 Jahren mit ihrem akustischen Mittelalter-Folk-Rock mittelalterliche M\u00e4rkte,Stadtfeste und Tavernen... Mehr lesen ...Sonor Teutonicus","_links":{"self":[{"href":"https:\/\/fk-villastahmer.de\/index.php?rest_route=\/wp\/v2\/posts\/43","targetHints":{"allow":["GET"]}}],"collection":[{"href":"https:\/\/fk-villastahmer.de\/index.php?rest_route=\/wp\/v2\/posts"}],"about":[{"href":"https:\/\/fk-villastahmer.de\/index.php?rest_route=\/wp\/v2\/types\/post"}],"author":[{"embeddable":true,"href":"https:\/\/fk-villastahmer.de\/index.php?rest_route=\/wp\/v2\/users\/1"}],"replies":[{"embeddable":true,"href":"https:\/\/fk-villastahmer.de\/index.php?rest_route=%2Fwp%2Fv2%2Fcomments&post=43"}],"version-history":[{"count":7,"href":"https:\/\/fk-villastahmer.de\/index.php?rest_route=\/wp\/v2\/posts\/43\/revisions"}],"predecessor-version":[{"id":295,"href":"https:\/\/fk-villastahmer.de\/index.php?rest_route=\/wp\/v2\/posts\/43\/revisions\/295"}],"wp:featuredmedia":[{"embeddable":true,"href":"https:\/\/fk-villastahmer.de\/index.php?rest_route=\/wp\/v2\/media\/12"}],"wp:attachment":[{"href":"https:\/\/fk-villastahmer.de\/index.php?rest_route=%2Fwp%2Fv2%2Fmedia&parent=43"}],"wp:term":[{"taxonomy":"category","embeddable":true,"href":"https:\/\/fk-villastahmer.de\/index.php?rest_route=%2Fwp%2Fv2%2Fcategories&post=43"},{"taxonomy":"post_tag","embeddable":true,"href":"https:\/\/fk-villastahmer.de\/index.php?rest_route=%2Fwp%2Fv2%2Ftags&post=43"}],"curies":[{"name":"wp","href":"https:\/\/api.w.org\/{rel}","templated":true}]}}