{"id":335,"date":"2022-11-01T17:09:14","date_gmt":"2022-11-01T17:09:14","guid":{"rendered":"http:\/\/fk-villastahmer.veldten.eu\/?p=335"},"modified":"2024-06-15T17:10:02","modified_gmt":"2024-06-15T17:10:02","slug":"kreisler-trifft-kreisler","status":"publish","type":"post","link":"https:\/\/fk-villastahmer.de\/?p=335","title":{"rendered":"Kreisler trifft Kreisler"},"content":{"rendered":"<h2><strong>&#8222;Kreisler trifft Kreisler\u201c <\/strong><\/h2>\n<h3><strong>Ein Wiener Abend mit Musik von Fritz und Georg Kreisler <\/strong><\/h3>\n<p><strong>\u00a0<\/strong><\/p>\n<p>&nbsp;<\/p>\n<p>Anl\u00e4sslich des 100. Geburtstages von Georg Kreisler in diesem Jahr ehren Joachim Weyer (Gesang), Hansdieter Meier (Geige) und Ingeborg Weyer (Klavier) den gro\u00dfen Wiener Kabarettisten, Komponisten und Schriftsteller auf besondere Art. Dabei lassen sie Georg Kreisler in einem Konzert mit dem Wiener Geigenvirtuosen und Komponisten Fritz Kreisler zusammentreffen.<\/p>\n<p>Fritz und Georg Kreisler, beide geb\u00fcrtige Wiener, also \u00d6sterreicher, waren j\u00fcdischer Abstammung und mussten deshalb 1938\/39 ihre Heimat verlassen. Sie emigrierten in die USA, wo sie im Jahre 1943 US-Staatsb\u00fcrger wurden und bis zu ihrem Tod US-Amerikaner blieben. Fritz und Georg Kreisler waren trotz gleichen Nachnamens wohl nicht miteinander verwandt und sind sich aller Wahrscheinlichkeit nach auch nie pers\u00f6nlich begegnet.<\/p>\n<p>In dem Konzert werden \u201eKlassiker\u201c von Georg Kreisler zu h\u00f6ren sein, wie z.B. das \u201eTaubenvergiften\u201c, aber auch \u201eZwei alte Tanten\u201c, \u201eDer Musikkritiker\u201c, \u201eDas M\u00e4dchen mit den drei blauen Augen\u201c und vieles mehr.\u00a0 Diese Titel wechseln sich ab mit Kompositionen bzw. Bearbeitungen von Fritz Kreisler, darunter \u201eLied ohne Worte\u201c, \u201eLiebesleid\u201c, \u201eHumoreske\u201c und andere.<\/p>\n<p>Joachim Weyer und Hansdieter Meier f\u00fchren launig durch das Programm.<\/p>\n<p>&nbsp;<\/p>\n<p><strong>Freitag, 11. November 2022\u00a0\u00a0 <\/strong><\/p>\n<p><strong>Beginn: 19:30 Uhr <\/strong><\/p>\n<p><strong>Eintritt:\u00a0 16 \u20ac <\/strong><\/p>\n<p><strong>\u00a0<\/strong><\/p>\n<p>Kartenreservierungen unter 0176 &#8211; 70242395 oder <u>info@fk-villastahmer.de<\/u><\/p>\n","protected":false},"excerpt":{"rendered":"<p>&#8222;Kreisler trifft Kreisler\u201c Ein Wiener Abend mit Musik von Fritz und Georg Kreisler \u00a0 &nbsp; Anl\u00e4sslich des 100. Geburtstages von Georg Kreisler in diesem Jahr ehren Joachim Weyer (Gesang), Hansdieter Meier (Geige) und Ingeborg Weyer (Klavier) den gro\u00dfen Wiener Kabarettisten,&#8230; <a href=\"https:\/\/fk-villastahmer.de\/?p=335\" class=\"readmore\">Mehr lesen &#8230;<span class=\"screen-reader-text\">Kreisler trifft Kreisler<\/span><span class=\"fa fa-angle-double-right\" aria-hidden=\"true\"><\/span><\/a><\/p>\n","protected":false},"author":1,"featured_media":336,"comment_status":"open","ping_status":"open","sticky":false,"template":"","format":"standard","meta":{"footnotes":""},"categories":[4],"tags":[],"class_list":["post-335","post","type-post","status-publish","format-standard","has-post-thumbnail","hentry","category-veranstaltungen","content-layout-full"],"rttpg_featured_image_url":{"full":["https:\/\/fk-villastahmer.de\/wp-content\/uploads\/2024\/06\/Flyer8-Kreisler-trifft-Kreisler-e1718471315242.jpg",350,495,false],"landscape":["https:\/\/fk-villastahmer.de\/wp-content\/uploads\/2024\/06\/Flyer8-Kreisler-trifft-Kreisler-e1718471315242.jpg",350,495,false],"portraits":["https:\/\/fk-villastahmer.de\/wp-content\/uploads\/2024\/06\/Flyer8-Kreisler-trifft-Kreisler-e1718471315242.jpg",350,495,false],"thumbnail":["https:\/\/fk-villastahmer.de\/wp-content\/uploads\/2024\/06\/Flyer8-Kreisler-trifft-Kreisler-150x150.jpg",150,150,true],"medium":["https:\/\/fk-villastahmer.de\/wp-content\/uploads\/2024\/06\/Flyer8-Kreisler-trifft-Kreisler-212x300.jpg",212,300,true],"large":["https:\/\/fk-villastahmer.de\/wp-content\/uploads\/2024\/06\/Flyer8-Kreisler-trifft-Kreisler-e1718471315242.jpg",350,495,false],"1536x1536":["https:\/\/fk-villastahmer.de\/wp-content\/uploads\/2024\/06\/Flyer8-Kreisler-trifft-Kreisler-e1718471315242.jpg",350,495,false],"2048x2048":["https:\/\/fk-villastahmer.de\/wp-content\/uploads\/2024\/06\/Flyer8-Kreisler-trifft-Kreisler-e1718471315242.jpg",350,495,false]},"rttpg_author":{"display_name":"g","author_link":"https:\/\/fk-villastahmer.de\/?author=1"},"rttpg_comment":0,"rttpg_category":"<a href=\"https:\/\/fk-villastahmer.de\/?cat=4\" rel=\"category\">Veranstaltungen<\/a>","rttpg_excerpt":"&#8222;Kreisler trifft Kreisler\u201c Ein Wiener Abend mit Musik von Fritz und Georg Kreisler \u00a0 &nbsp; Anl\u00e4sslich des 100. Geburtstages von Georg Kreisler in diesem Jahr ehren Joachim Weyer (Gesang), Hansdieter Meier (Geige) und Ingeborg Weyer (Klavier) den gro\u00dfen Wiener Kabarettisten,... Mehr lesen ...Kreisler trifft Kreisler","_links":{"self":[{"href":"https:\/\/fk-villastahmer.de\/index.php?rest_route=\/wp\/v2\/posts\/335","targetHints":{"allow":["GET"]}}],"collection":[{"href":"https:\/\/fk-villastahmer.de\/index.php?rest_route=\/wp\/v2\/posts"}],"about":[{"href":"https:\/\/fk-villastahmer.de\/index.php?rest_route=\/wp\/v2\/types\/post"}],"author":[{"embeddable":true,"href":"https:\/\/fk-villastahmer.de\/index.php?rest_route=\/wp\/v2\/users\/1"}],"replies":[{"embeddable":true,"href":"https:\/\/fk-villastahmer.de\/index.php?rest_route=%2Fwp%2Fv2%2Fcomments&post=335"}],"version-history":[{"count":1,"href":"https:\/\/fk-villastahmer.de\/index.php?rest_route=\/wp\/v2\/posts\/335\/revisions"}],"predecessor-version":[{"id":337,"href":"https:\/\/fk-villastahmer.de\/index.php?rest_route=\/wp\/v2\/posts\/335\/revisions\/337"}],"wp:featuredmedia":[{"embeddable":true,"href":"https:\/\/fk-villastahmer.de\/index.php?rest_route=\/wp\/v2\/media\/336"}],"wp:attachment":[{"href":"https:\/\/fk-villastahmer.de\/index.php?rest_route=%2Fwp%2Fv2%2Fmedia&parent=335"}],"wp:term":[{"taxonomy":"category","embeddable":true,"href":"https:\/\/fk-villastahmer.de\/index.php?rest_route=%2Fwp%2Fv2%2Fcategories&post=335"},{"taxonomy":"post_tag","embeddable":true,"href":"https:\/\/fk-villastahmer.de\/index.php?rest_route=%2Fwp%2Fv2%2Ftags&post=335"}],"curies":[{"name":"wp","href":"https:\/\/api.w.org\/{rel}","templated":true}]}}