{"id":332,"date":"2022-11-11T16:54:57","date_gmt":"2022-11-11T16:54:57","guid":{"rendered":"http:\/\/fk-villastahmer.veldten.eu\/?p=332"},"modified":"2024-06-15T16:55:30","modified_gmt":"2024-06-15T16:55:30","slug":"romantik-x-3","status":"publish","type":"post","link":"https:\/\/fk-villastahmer.de\/?p=332","title":{"rendered":"Romantik x 3"},"content":{"rendered":"<h2 style=\"text-align: center;\"><strong>\u201eRomantik x 3\u201c<\/strong><\/h2>\n<h3 style=\"text-align: center;\"><strong>Klavierkonzert <\/strong><\/h3>\n<h3 style=\"text-align: center;\"><strong>mit dem Pianisten Andr\u00e9 Sebastian Wickel<\/strong><\/h3>\n<p><strong>\u00a0<\/strong><\/p>\n<p>Bei seinem 4 Konzert in der Villa Stahmer wird der Pianist Andr\u00e9 Sebastian Wickel romantische Klaviermusik verschiedener Epochen spielen. Ber\u00fchmte Werke wie Beethovens \u201eMondschein Sonate\u201c und \u201eLieder ohne Worte\u201c von Mendelssohn werden in neuer Frische erklingen. Das Publikum darf sogar eine Art \u201eUrauff\u00fchrung\u201c im Osnabr\u00fccker Raum miterleben: Andr\u00e9 Sebastian Wickel spielt Werke von Erich Wolfgang Korngold, u.a. aus \u201eWas der Wald erz\u00e4hlt\u201c die vermutlich zum ersten Mal auf dem Programm eines Klavierabends unserer Region stehen.<\/p>\n<p>Andr\u00e9 Sebastian Wickel studierte Klavierspiel, Interpretation und Klavierdidaktik bei dem argentinischen Pianisten Julio Largacha, einem Sch\u00fcler von Claudio Arrau und Eliza Hansen, sowie Musikp\u00e4dagogik mit Hauptfach Klavier am Institut der Musikhochschule Osnabr\u00fcck. Au\u00dferdem absolvierte er Meisterkurse im In- und Ausland u.a. bei Professor Peter Feuchtwanger, dem Pianisten Bruno Leonardo Gelber und dem Musikwissenschaftler Diether de la Motte. Seit 2002 ist er als freiberuflicher Pianist und Klavierp\u00e4dagoge mit seiner Klavierschule \u201eKlangspannungen\u201c in Osnabr\u00fcck t\u00e4tig und unterrichtet Klavierspiel. Dazu hat er auf seinem You-Tube-Kanal \u201eKlavier lernen online bei Andr\u00e9 Sebastian Wickel\u201c eine Reihe von Tutorials ver\u00f6ffentlicht.<\/p>\n<p><strong>Freitag, 25. November 2022 \u00a0<\/strong><\/p>\n<p><strong>Beginn: 19:30 Uhr<\/strong><\/p>\n<p><strong>Eintritt:\u00a0 16 \u20ac erm\u00e4\u00dfigt 8 \u20ac (Sch\u00fcler\/Studenten)<\/strong><\/p>\n<p><strong><br \/>\n<\/strong>Kartenreservierungen unter 0176 &#8211; 70242395\u00a0oder <a href=\"mailto:info@fk-villastahmer.de\">info@fk-villastahmer.de<\/a><\/p>\n","protected":false},"excerpt":{"rendered":"<p>\u201eRomantik x 3\u201c Klavierkonzert mit dem Pianisten Andr\u00e9 Sebastian Wickel \u00a0 Bei seinem 4 Konzert in der Villa Stahmer wird der Pianist Andr\u00e9 Sebastian Wickel romantische Klaviermusik verschiedener Epochen spielen. Ber\u00fchmte Werke wie Beethovens \u201eMondschein Sonate\u201c und \u201eLieder ohne Worte\u201c&#8230; <a href=\"https:\/\/fk-villastahmer.de\/?p=332\" class=\"readmore\">Mehr lesen &#8230;<span class=\"screen-reader-text\">Romantik x 3<\/span><span class=\"fa fa-angle-double-right\" aria-hidden=\"true\"><\/span><\/a><\/p>\n","protected":false},"author":1,"featured_media":333,"comment_status":"open","ping_status":"open","sticky":false,"template":"","format":"standard","meta":{"footnotes":""},"categories":[4],"tags":[],"class_list":["post-332","post","type-post","status-publish","format-standard","has-post-thumbnail","hentry","category-veranstaltungen","content-layout-full"],"rttpg_featured_image_url":{"full":["https:\/\/fk-villastahmer.de\/wp-content\/uploads\/2024\/06\/Flyer10-Klavierkonzert-Romantik-x3_Page_1-e1718470420607.jpg",350,496,false],"landscape":["https:\/\/fk-villastahmer.de\/wp-content\/uploads\/2024\/06\/Flyer10-Klavierkonzert-Romantik-x3_Page_1-e1718470420607.jpg",350,496,false],"portraits":["https:\/\/fk-villastahmer.de\/wp-content\/uploads\/2024\/06\/Flyer10-Klavierkonzert-Romantik-x3_Page_1-e1718470420607.jpg",350,496,false],"thumbnail":["https:\/\/fk-villastahmer.de\/wp-content\/uploads\/2024\/06\/Flyer10-Klavierkonzert-Romantik-x3_Page_1-150x150.jpg",150,150,true],"medium":["https:\/\/fk-villastahmer.de\/wp-content\/uploads\/2024\/06\/Flyer10-Klavierkonzert-Romantik-x3_Page_1-212x300.jpg",212,300,true],"large":["https:\/\/fk-villastahmer.de\/wp-content\/uploads\/2024\/06\/Flyer10-Klavierkonzert-Romantik-x3_Page_1-e1718470420607.jpg",350,496,false],"1536x1536":["https:\/\/fk-villastahmer.de\/wp-content\/uploads\/2024\/06\/Flyer10-Klavierkonzert-Romantik-x3_Page_1-e1718470420607.jpg",350,496,false],"2048x2048":["https:\/\/fk-villastahmer.de\/wp-content\/uploads\/2024\/06\/Flyer10-Klavierkonzert-Romantik-x3_Page_1-e1718470420607.jpg",350,496,false]},"rttpg_author":{"display_name":"g","author_link":"https:\/\/fk-villastahmer.de\/?author=1"},"rttpg_comment":0,"rttpg_category":"<a href=\"https:\/\/fk-villastahmer.de\/?cat=4\" rel=\"category\">Veranstaltungen<\/a>","rttpg_excerpt":"\u201eRomantik x 3\u201c Klavierkonzert mit dem Pianisten Andr\u00e9 Sebastian Wickel \u00a0 Bei seinem 4 Konzert in der Villa Stahmer wird der Pianist Andr\u00e9 Sebastian Wickel romantische Klaviermusik verschiedener Epochen spielen. Ber\u00fchmte Werke wie Beethovens \u201eMondschein Sonate\u201c und \u201eLieder ohne Worte\u201c... Mehr lesen ...Romantik x 3","_links":{"self":[{"href":"https:\/\/fk-villastahmer.de\/index.php?rest_route=\/wp\/v2\/posts\/332","targetHints":{"allow":["GET"]}}],"collection":[{"href":"https:\/\/fk-villastahmer.de\/index.php?rest_route=\/wp\/v2\/posts"}],"about":[{"href":"https:\/\/fk-villastahmer.de\/index.php?rest_route=\/wp\/v2\/types\/post"}],"author":[{"embeddable":true,"href":"https:\/\/fk-villastahmer.de\/index.php?rest_route=\/wp\/v2\/users\/1"}],"replies":[{"embeddable":true,"href":"https:\/\/fk-villastahmer.de\/index.php?rest_route=%2Fwp%2Fv2%2Fcomments&post=332"}],"version-history":[{"count":1,"href":"https:\/\/fk-villastahmer.de\/index.php?rest_route=\/wp\/v2\/posts\/332\/revisions"}],"predecessor-version":[{"id":334,"href":"https:\/\/fk-villastahmer.de\/index.php?rest_route=\/wp\/v2\/posts\/332\/revisions\/334"}],"wp:featuredmedia":[{"embeddable":true,"href":"https:\/\/fk-villastahmer.de\/index.php?rest_route=\/wp\/v2\/media\/333"}],"wp:attachment":[{"href":"https:\/\/fk-villastahmer.de\/index.php?rest_route=%2Fwp%2Fv2%2Fmedia&parent=332"}],"wp:term":[{"taxonomy":"category","embeddable":true,"href":"https:\/\/fk-villastahmer.de\/index.php?rest_route=%2Fwp%2Fv2%2Fcategories&post=332"},{"taxonomy":"post_tag","embeddable":true,"href":"https:\/\/fk-villastahmer.de\/index.php?rest_route=%2Fwp%2Fv2%2Ftags&post=332"}],"curies":[{"name":"wp","href":"https:\/\/api.w.org\/{rel}","templated":true}]}}