{"id":309,"date":"2023-03-01T18:43:45","date_gmt":"2023-03-01T18:43:45","guid":{"rendered":"http:\/\/fk-villastahmer.veldten.eu\/?p=309"},"modified":"2024-06-07T18:49:25","modified_gmt":"2024-06-07T18:49:25","slug":"irischer-abend-mit-bottle-of-rain","status":"publish","type":"post","link":"https:\/\/fk-villastahmer.de\/?p=309","title":{"rendered":"Irischer Abend mit\u00a0\u201eBottle of Rain\u201c\u00a0\u00a0"},"content":{"rendered":"<h2><strong>Irischer Abend mit\u00a0 <\/strong><\/h2>\n<h2><strong>\u201eBottle of Rain\u201c\u00a0\u00a0 <\/strong><\/h2>\n<p>&nbsp;<\/p>\n<p><strong>Freitag, 10.\u00a0 M\u00e4rz 2023 <\/strong><\/p>\n<p><strong>um 19:30 Uhr<\/strong><\/p>\n<p><strong>in der Villa Stahmer<\/strong><\/p>\n<p>&nbsp;<\/p>\n<p>Der irische Abend mit der Gruppe \u201eBottle of Rain\u201c, Sven G\u00f6ttsche, Daniela und Claas Bu\u00dfmann, verspricht eine musikalische Reise durch Irland mit fr\u00f6hlichen Liedern, wehm\u00fctigen Balladen und schwungvollen T\u00e4nzen.<\/p>\n<p>\u201eBottle of Rain\u201c spielt \u201eIrish Music\u201c auf erfrischend unterhaltsame Weise. Die abwechslungsreiche Mischung aus Instrumentals und Gesangsst\u00fccken l\u00e4sst keine Langeweile aufkommen.<\/p>\n<p>Durch die traditionelle Instrumentierung u.a. mit Bodhran, Tin-Whistle, Flute, Irish Box und Conzertina erg\u00e4nzt durch ein groovendes Schlagzeug, wird\u00a0\u00a0 eine gro\u00dfe Bandbreite unterschiedlicher Sounds und Spielarten des Irish-Folk pr\u00e4sentiert und das Publikum kann in den Flair eines \u201eIrish Pub\u201ceintauchen.<\/p>\n<p>Zur Veranstaltung gibt es die passenden irischen Getr\u00e4nke.<\/p>\n<p>&nbsp;<\/p>\n<p>Ort:\u00a0\u00a0 Museum Villa Stahmer<\/p>\n<p>Abendkasse: 16 \u20ac<\/p>\n<p>Kartenreservierung unter <a href=\"about:blank\">info@fk-villastahmer.de<\/a> oder 0176-70242395<\/p>\n","protected":false},"excerpt":{"rendered":"<p>Irischer Abend mit\u00a0 \u201eBottle of Rain\u201c\u00a0\u00a0 &nbsp; Freitag, 10.\u00a0 M\u00e4rz 2023 um 19:30 Uhr in der Villa Stahmer &nbsp; Der irische Abend mit der Gruppe \u201eBottle of Rain\u201c, Sven G\u00f6ttsche, Daniela und Claas Bu\u00dfmann, verspricht eine musikalische Reise durch Irland&#8230; <a href=\"https:\/\/fk-villastahmer.de\/?p=309\" class=\"readmore\">Mehr lesen &#8230;<span class=\"screen-reader-text\">Irischer Abend mit\u00a0\u201eBottle of Rain\u201c\u00a0\u00a0<\/span><span class=\"fa fa-angle-double-right\" aria-hidden=\"true\"><\/span><\/a><\/p>\n","protected":false},"author":1,"featured_media":310,"comment_status":"open","ping_status":"open","sticky":false,"template":"","format":"standard","meta":{"footnotes":""},"categories":[4],"tags":[],"class_list":["post-309","post","type-post","status-publish","format-standard","has-post-thumbnail","hentry","category-veranstaltungen","content-layout-full"],"rttpg_featured_image_url":{"full":["https:\/\/fk-villastahmer.de\/wp-content\/uploads\/2024\/06\/Plakat-Bottle-of-Rain-e1717785791318.jpg",350,495,false],"landscape":["https:\/\/fk-villastahmer.de\/wp-content\/uploads\/2024\/06\/Plakat-Bottle-of-Rain-e1717785791318.jpg",350,495,false],"portraits":["https:\/\/fk-villastahmer.de\/wp-content\/uploads\/2024\/06\/Plakat-Bottle-of-Rain-e1717785791318.jpg",350,495,false],"thumbnail":["https:\/\/fk-villastahmer.de\/wp-content\/uploads\/2024\/06\/Plakat-Bottle-of-Rain-150x150.jpg",150,150,true],"medium":["https:\/\/fk-villastahmer.de\/wp-content\/uploads\/2024\/06\/Plakat-Bottle-of-Rain-212x300.jpg",212,300,true],"large":["https:\/\/fk-villastahmer.de\/wp-content\/uploads\/2024\/06\/Plakat-Bottle-of-Rain-e1717785791318.jpg",350,495,false],"1536x1536":["https:\/\/fk-villastahmer.de\/wp-content\/uploads\/2024\/06\/Plakat-Bottle-of-Rain-e1717785791318.jpg",350,495,false],"2048x2048":["https:\/\/fk-villastahmer.de\/wp-content\/uploads\/2024\/06\/Plakat-Bottle-of-Rain-e1717785791318.jpg",350,495,false]},"rttpg_author":{"display_name":"g","author_link":"https:\/\/fk-villastahmer.de\/?author=1"},"rttpg_comment":0,"rttpg_category":"<a href=\"https:\/\/fk-villastahmer.de\/?cat=4\" rel=\"category\">Veranstaltungen<\/a>","rttpg_excerpt":"Irischer Abend mit\u00a0 \u201eBottle of Rain\u201c\u00a0\u00a0 &nbsp; Freitag, 10.\u00a0 M\u00e4rz 2023 um 19:30 Uhr in der Villa Stahmer &nbsp; Der irische Abend mit der Gruppe \u201eBottle of Rain\u201c, Sven G\u00f6ttsche, Daniela und Claas Bu\u00dfmann, verspricht eine musikalische Reise durch Irland... Mehr lesen ...Irischer Abend mit\u00a0\u201eBottle of Rain\u201c\u00a0\u00a0","_links":{"self":[{"href":"https:\/\/fk-villastahmer.de\/index.php?rest_route=\/wp\/v2\/posts\/309","targetHints":{"allow":["GET"]}}],"collection":[{"href":"https:\/\/fk-villastahmer.de\/index.php?rest_route=\/wp\/v2\/posts"}],"about":[{"href":"https:\/\/fk-villastahmer.de\/index.php?rest_route=\/wp\/v2\/types\/post"}],"author":[{"embeddable":true,"href":"https:\/\/fk-villastahmer.de\/index.php?rest_route=\/wp\/v2\/users\/1"}],"replies":[{"embeddable":true,"href":"https:\/\/fk-villastahmer.de\/index.php?rest_route=%2Fwp%2Fv2%2Fcomments&post=309"}],"version-history":[{"count":2,"href":"https:\/\/fk-villastahmer.de\/index.php?rest_route=\/wp\/v2\/posts\/309\/revisions"}],"predecessor-version":[{"id":312,"href":"https:\/\/fk-villastahmer.de\/index.php?rest_route=\/wp\/v2\/posts\/309\/revisions\/312"}],"wp:featuredmedia":[{"embeddable":true,"href":"https:\/\/fk-villastahmer.de\/index.php?rest_route=\/wp\/v2\/media\/310"}],"wp:attachment":[{"href":"https:\/\/fk-villastahmer.de\/index.php?rest_route=%2Fwp%2Fv2%2Fmedia&parent=309"}],"wp:term":[{"taxonomy":"category","embeddable":true,"href":"https:\/\/fk-villastahmer.de\/index.php?rest_route=%2Fwp%2Fv2%2Fcategories&post=309"},{"taxonomy":"post_tag","embeddable":true,"href":"https:\/\/fk-villastahmer.de\/index.php?rest_route=%2Fwp%2Fv2%2Ftags&post=309"}],"curies":[{"name":"wp","href":"https:\/\/api.w.org\/{rel}","templated":true}]}}