{"id":306,"date":"2023-03-01T18:36:53","date_gmt":"2023-03-01T18:36:53","guid":{"rendered":"http:\/\/fk-villastahmer.veldten.eu\/?p=306"},"modified":"2024-06-07T18:58:19","modified_gmt":"2024-06-07T18:58:19","slug":"klassik-grenzenlos-2","status":"publish","type":"post","link":"https:\/\/fk-villastahmer.de\/?p=306","title":{"rendered":"Klassik Grenzenlos"},"content":{"rendered":"<h2><strong>\u201eKlassik Grenzenlos\u201c <\/strong><\/h2>\n<p><strong><em>\u00a0<\/em><\/strong><\/p>\n<h3><strong>Konzertabend<\/strong><\/h3>\n<h3><strong><sub>mit Nachwuchsmusikerinnen aus der Region Osnabr\u00fcck<\/sub><\/strong><\/h3>\n<p><strong><sub>\u00a0<\/sub><\/strong><\/p>\n<p><strong><sub>\u00a0<\/sub><\/strong><\/p>\n<p><strong><sub>Unter dem Motto <em>\u201evon Saite zu Saite\u201c<\/em> werden sechs Nachwuchsmusikerinnen aus der Osnabr\u00fccker Region mit Violine, Cello und Klavier ein klassisch-modernes Programm darbieten. Die jungen Instrumentalistinnen, im Alter von 9-16 Jahren, haben im Januar dieses Jahres sehr erfolgreich am <em>\u201eJugend musiziert\u201c<\/em> Musikwettbewerb teilgenommen. Ihren Unterricht nehmen sie bei Lehrkr\u00e4ften der Musikakademie Remel\u00e9 in Osnabr\u00fcck.<\/sub><\/strong><\/p>\n<p><strong><sub>Im Konzert <em>\u201eSaite zu Saite\u201c<\/em> stehen Klassiker von Haydn, Mozart und Chopin auf dem Programm. Dazu wird auch Musik von Peteris Vasks erklingen. Der aus Lettland stammende Musiker (Jg.1946) wird <em>\u201eKomponist des Jahres 2023\u201c<\/em> und erh\u00e4lt im Verlauf des Jahres den \u201e<em>Opus-Klassik\u201c<\/em> Preis. <\/sub><\/strong><strong><sub>Dieser Konzertabend ist das erste Konzert der neuen Reihe <em>\u201eKlassik grenzenlos\u201c<\/em> mit drei Konzerten, die in der Villa Stahmer zu h\u00f6ren sein werden. In dieser Konzertreihe wird Nachwuchs- und Profimusikern aus dem In- und Ausland ein \u00f6ffentliches Podium f\u00fcr ihre berufliche und k\u00fcnstlerische Entwicklung geboten. Musik bekannter Komponisten ist neben (noch) nicht g\u00e4ngigem Musikrepertoire zu h\u00f6ren. <\/sub><\/strong><strong><sub>\u201eKlassik grenzenlos\u201c m\u00f6chte alte und neue musikalische Sch\u00e4tze finden und verbinden.<\/sub><\/strong><\/p>\n<p><strong><sub>Die Konzertreihe wird vom Landkreis Osnabr\u00fcck gef\u00f6rdert.<\/sub><\/strong><\/p>\n<p><strong><sub>\u00a0<\/sub><\/strong><\/p>\n<p><strong>Sonntag, 5. M\u00e4rz 2023 <\/strong><\/p>\n<p><strong>Ort:\u00a0\u00a0\u00a0\u00a0\u00a0\u00a0\u00a0\u00a0 Villa Stahmer, Georgsmarienh\u00fctte<\/strong><\/p>\n<p><strong>Beginn: 18:30 Uhr\u00a0\u00a0\u00a0 \u00a0\u00a0\u00a0\u00a0\u00a0\u00a0\u00a0\u00a0\u00a0\u00a0\u00a0\u00a0\u00a0\u00a0\u00a0\u00a0\u00a0\u00a0\u00a0\u00a0\u00a0\u00a0\u00a0\u00a0\u00a0\u00a0\u00a0\u00a0\u00a0\u00a0\u00a0\u00a0\u00a0\u00a0\u00a0\u00a0\u00a0\u00a0\u00a0\u00a0\u00a0\u00a0\u00a0\u00a0\u00a0\u00a0\u00a0\u00a0\u00a0\u00a0\u00a0\u00a0\u00a0\u00a0\u00a0\u00a0\u00a0\u00a0\u00a0\u00a0\u00a0\u00a0\u00a0\u00a0\u00a0\u00a0\u00a0Der Eintritt ist frei<\/strong><\/p>\n","protected":false},"excerpt":{"rendered":"<p>\u201eKlassik Grenzenlos\u201c \u00a0 Konzertabend mit Nachwuchsmusikerinnen aus der Region Osnabr\u00fcck \u00a0 \u00a0 Unter dem Motto \u201evon Saite zu Saite\u201c werden sechs Nachwuchsmusikerinnen aus der Osnabr\u00fccker Region mit Violine, Cello und Klavier ein klassisch-modernes Programm darbieten. Die jungen Instrumentalistinnen, im Alter&#8230; <a href=\"https:\/\/fk-villastahmer.de\/?p=306\" class=\"readmore\">Mehr lesen &#8230;<span class=\"screen-reader-text\">Klassik Grenzenlos<\/span><span class=\"fa fa-angle-double-right\" aria-hidden=\"true\"><\/span><\/a><\/p>\n","protected":false},"author":1,"featured_media":307,"comment_status":"open","ping_status":"open","sticky":false,"template":"","format":"standard","meta":{"footnotes":""},"categories":[4],"tags":[],"class_list":["post-306","post","type-post","status-publish","format-standard","has-post-thumbnail","hentry","category-veranstaltungen","content-layout-full"],"rttpg_featured_image_url":{"full":["https:\/\/fk-villastahmer.de\/wp-content\/uploads\/2024\/06\/Plakat3-Klassik-Grenzenlos-1-e1717785347839.jpg",350,495,false],"landscape":["https:\/\/fk-villastahmer.de\/wp-content\/uploads\/2024\/06\/Plakat3-Klassik-Grenzenlos-1-e1717785347839.jpg",350,495,false],"portraits":["https:\/\/fk-villastahmer.de\/wp-content\/uploads\/2024\/06\/Plakat3-Klassik-Grenzenlos-1-e1717785347839.jpg",350,495,false],"thumbnail":["https:\/\/fk-villastahmer.de\/wp-content\/uploads\/2024\/06\/Plakat3-Klassik-Grenzenlos-1-150x150.jpg",150,150,true],"medium":["https:\/\/fk-villastahmer.de\/wp-content\/uploads\/2024\/06\/Plakat3-Klassik-Grenzenlos-1-212x300.jpg",212,300,true],"large":["https:\/\/fk-villastahmer.de\/wp-content\/uploads\/2024\/06\/Plakat3-Klassik-Grenzenlos-1-e1717785347839.jpg",350,495,false],"1536x1536":["https:\/\/fk-villastahmer.de\/wp-content\/uploads\/2024\/06\/Plakat3-Klassik-Grenzenlos-1-e1717785347839.jpg",350,495,false],"2048x2048":["https:\/\/fk-villastahmer.de\/wp-content\/uploads\/2024\/06\/Plakat3-Klassik-Grenzenlos-1-e1717785347839.jpg",350,495,false]},"rttpg_author":{"display_name":"g","author_link":"https:\/\/fk-villastahmer.de\/?author=1"},"rttpg_comment":0,"rttpg_category":"<a href=\"https:\/\/fk-villastahmer.de\/?cat=4\" rel=\"category\">Veranstaltungen<\/a>","rttpg_excerpt":"\u201eKlassik Grenzenlos\u201c \u00a0 Konzertabend mit Nachwuchsmusikerinnen aus der Region Osnabr\u00fcck \u00a0 \u00a0 Unter dem Motto \u201evon Saite zu Saite\u201c werden sechs Nachwuchsmusikerinnen aus der Osnabr\u00fccker Region mit Violine, Cello und Klavier ein klassisch-modernes Programm darbieten. Die jungen Instrumentalistinnen, im Alter... Mehr lesen ...Klassik Grenzenlos","_links":{"self":[{"href":"https:\/\/fk-villastahmer.de\/index.php?rest_route=\/wp\/v2\/posts\/306","targetHints":{"allow":["GET"]}}],"collection":[{"href":"https:\/\/fk-villastahmer.de\/index.php?rest_route=\/wp\/v2\/posts"}],"about":[{"href":"https:\/\/fk-villastahmer.de\/index.php?rest_route=\/wp\/v2\/types\/post"}],"author":[{"embeddable":true,"href":"https:\/\/fk-villastahmer.de\/index.php?rest_route=\/wp\/v2\/users\/1"}],"replies":[{"embeddable":true,"href":"https:\/\/fk-villastahmer.de\/index.php?rest_route=%2Fwp%2Fv2%2Fcomments&post=306"}],"version-history":[{"count":3,"href":"https:\/\/fk-villastahmer.de\/index.php?rest_route=\/wp\/v2\/posts\/306\/revisions"}],"predecessor-version":[{"id":317,"href":"https:\/\/fk-villastahmer.de\/index.php?rest_route=\/wp\/v2\/posts\/306\/revisions\/317"}],"wp:featuredmedia":[{"embeddable":true,"href":"https:\/\/fk-villastahmer.de\/index.php?rest_route=\/wp\/v2\/media\/307"}],"wp:attachment":[{"href":"https:\/\/fk-villastahmer.de\/index.php?rest_route=%2Fwp%2Fv2%2Fmedia&parent=306"}],"wp:term":[{"taxonomy":"category","embeddable":true,"href":"https:\/\/fk-villastahmer.de\/index.php?rest_route=%2Fwp%2Fv2%2Fcategories&post=306"},{"taxonomy":"post_tag","embeddable":true,"href":"https:\/\/fk-villastahmer.de\/index.php?rest_route=%2Fwp%2Fv2%2Ftags&post=306"}],"curies":[{"name":"wp","href":"https:\/\/api.w.org\/{rel}","templated":true}]}}