{"id":296,"date":"2023-06-24T16:45:00","date_gmt":"2023-06-24T16:45:00","guid":{"rendered":"http:\/\/fk-villastahmer.veldten.eu\/?p=296"},"modified":"2024-05-27T16:50:38","modified_gmt":"2024-05-27T16:50:38","slug":"klavier-zu-4-haenden","status":"publish","type":"post","link":"https:\/\/fk-villastahmer.de\/?p=296","title":{"rendered":"Klavier zu 4 H\u00e4nden"},"content":{"rendered":"<h2 style=\"text-align: center;\"><strong><em>\u201eKlavier zu 4 H\u00e4nden\u201c\u00a0\u00a0\u00a0 <\/em><\/strong><\/h2>\n<h2 style=\"text-align: center;\"><strong>2. Konzertabend der Konzertreihe \u201eKlassik Grenzenlos\u201c <\/strong><\/h2>\n<h2 style=\"text-align: center;\"><strong>\u00a0<\/strong><strong>Klavierduo Martijn und Stefan Blaak<\/strong><\/h2>\n<h3 style=\"text-align: center;\"><strong>Sonntag, 25. Juni 2023, 18:30 Uhr<br \/>\n<\/strong><\/h3>\n<p>&nbsp;<\/p>\n<p>Die Br\u00fcder Martijn und Stefan Blaak schlossen ihr Musikstudium \u201ecum laude\u201c ab und gewannen bereits verschiedene nationale und internationale Preise.<\/p>\n<p>Sie sind gern gesehene G\u00e4ste bei internationalen Musikfestivals wie beim<\/p>\n<p>\u201eGrachtenfestival Amsterdam, S\u00e4chsisches Mozartfest, Musikfestival Aix-enProvence, Festival La Settimana d\u00c1rte di Cecina in Italien oder Green Lake Festival in Chicago, USA\u201c.<\/p>\n<p>Verschiedene Konzerttourneen f\u00fchrten sie durch die gro\u00dfen Konzerts\u00e4le Europas, wo sie inzwischen regelm\u00e4\u00dfig gastieren. Konzerte mit verschiedenen Sinfonieorchestern geh\u00f6ren ebenso zum Programm der beiden Pianisten, wie Radio- und Fernsehaufnahmen. Sie spielten Urauff\u00fchrungen u.a. von David Rowland, Francis Shaw, Chiel Meijering, Diderik Wagenaar und Piet Swerts.<\/p>\n<p>H\u00f6ren Sie in der Villa Stahmer Werke von Wolfgang Amadeus Mozart, Franz Schubert, Maurice Ravel u.a.<\/p>\n<p>Ort:\u00a0\u00a0 Museum Villa Stahmer<\/p>\n<p>Abendkasse: 12 \u20ac, Studenten\/ Sch\u00fcler 6 \u20ac<\/p>\n<p>Kartenreservierung unter <u>info@fk-villastahmer.de<\/u> oder 0176-70242395<\/p>\n","protected":false},"excerpt":{"rendered":"<p>\u201eKlavier zu 4 H\u00e4nden\u201c\u00a0\u00a0\u00a0 2. Konzertabend der Konzertreihe \u201eKlassik Grenzenlos\u201c \u00a0Klavierduo Martijn und Stefan Blaak Sonntag, 25. Juni 2023, 18:30 Uhr &nbsp; Die Br\u00fcder Martijn und Stefan Blaak schlossen ihr Musikstudium \u201ecum laude\u201c ab und gewannen bereits verschiedene nationale und&#8230; <a href=\"https:\/\/fk-villastahmer.de\/?p=296\" class=\"readmore\">Mehr lesen &#8230;<span class=\"screen-reader-text\">Klavier zu 4 H\u00e4nden<\/span><span class=\"fa fa-angle-double-right\" aria-hidden=\"true\"><\/span><\/a><\/p>\n","protected":false},"author":1,"featured_media":298,"comment_status":"open","ping_status":"open","sticky":false,"template":"","format":"standard","meta":{"footnotes":""},"categories":[4],"tags":[],"class_list":["post-296","post","type-post","status-publish","format-standard","has-post-thumbnail","hentry","category-veranstaltungen","content-layout-full"],"rttpg_featured_image_url":{"full":["https:\/\/fk-villastahmer.de\/wp-content\/uploads\/2024\/05\/Plakat6-Klavier-zu-4-Haenden-e1716828545746.jpg",350,495,false],"landscape":["https:\/\/fk-villastahmer.de\/wp-content\/uploads\/2024\/05\/Plakat6-Klavier-zu-4-Haenden-e1716828545746.jpg",350,495,false],"portraits":["https:\/\/fk-villastahmer.de\/wp-content\/uploads\/2024\/05\/Plakat6-Klavier-zu-4-Haenden-e1716828545746.jpg",350,495,false],"thumbnail":["https:\/\/fk-villastahmer.de\/wp-content\/uploads\/2024\/05\/Plakat6-Klavier-zu-4-Haenden-150x150.jpg",150,150,true],"medium":["https:\/\/fk-villastahmer.de\/wp-content\/uploads\/2024\/05\/Plakat6-Klavier-zu-4-Haenden-212x300.jpg",212,300,true],"large":["https:\/\/fk-villastahmer.de\/wp-content\/uploads\/2024\/05\/Plakat6-Klavier-zu-4-Haenden-e1716828545746.jpg",350,495,false],"1536x1536":["https:\/\/fk-villastahmer.de\/wp-content\/uploads\/2024\/05\/Plakat6-Klavier-zu-4-Haenden-e1716828545746.jpg",350,495,false],"2048x2048":["https:\/\/fk-villastahmer.de\/wp-content\/uploads\/2024\/05\/Plakat6-Klavier-zu-4-Haenden-e1716828545746.jpg",350,495,false]},"rttpg_author":{"display_name":"g","author_link":"https:\/\/fk-villastahmer.de\/?author=1"},"rttpg_comment":0,"rttpg_category":"<a href=\"https:\/\/fk-villastahmer.de\/?cat=4\" rel=\"category\">Veranstaltungen<\/a>","rttpg_excerpt":"\u201eKlavier zu 4 H\u00e4nden\u201c\u00a0\u00a0\u00a0 2. Konzertabend der Konzertreihe \u201eKlassik Grenzenlos\u201c \u00a0Klavierduo Martijn und Stefan Blaak Sonntag, 25. Juni 2023, 18:30 Uhr &nbsp; Die Br\u00fcder Martijn und Stefan Blaak schlossen ihr Musikstudium \u201ecum laude\u201c ab und gewannen bereits verschiedene nationale und... Mehr lesen ...Klavier zu 4 H\u00e4nden","_links":{"self":[{"href":"https:\/\/fk-villastahmer.de\/index.php?rest_route=\/wp\/v2\/posts\/296","targetHints":{"allow":["GET"]}}],"collection":[{"href":"https:\/\/fk-villastahmer.de\/index.php?rest_route=\/wp\/v2\/posts"}],"about":[{"href":"https:\/\/fk-villastahmer.de\/index.php?rest_route=\/wp\/v2\/types\/post"}],"author":[{"embeddable":true,"href":"https:\/\/fk-villastahmer.de\/index.php?rest_route=\/wp\/v2\/users\/1"}],"replies":[{"embeddable":true,"href":"https:\/\/fk-villastahmer.de\/index.php?rest_route=%2Fwp%2Fv2%2Fcomments&post=296"}],"version-history":[{"count":3,"href":"https:\/\/fk-villastahmer.de\/index.php?rest_route=\/wp\/v2\/posts\/296\/revisions"}],"predecessor-version":[{"id":300,"href":"https:\/\/fk-villastahmer.de\/index.php?rest_route=\/wp\/v2\/posts\/296\/revisions\/300"}],"wp:featuredmedia":[{"embeddable":true,"href":"https:\/\/fk-villastahmer.de\/index.php?rest_route=\/wp\/v2\/media\/298"}],"wp:attachment":[{"href":"https:\/\/fk-villastahmer.de\/index.php?rest_route=%2Fwp%2Fv2%2Fmedia&parent=296"}],"wp:term":[{"taxonomy":"category","embeddable":true,"href":"https:\/\/fk-villastahmer.de\/index.php?rest_route=%2Fwp%2Fv2%2Fcategories&post=296"},{"taxonomy":"post_tag","embeddable":true,"href":"https:\/\/fk-villastahmer.de\/index.php?rest_route=%2Fwp%2Fv2%2Ftags&post=296"}],"curies":[{"name":"wp","href":"https:\/\/api.w.org\/{rel}","templated":true}]}}