{"id":288,"date":"2023-07-12T16:23:22","date_gmt":"2023-07-12T16:23:22","guid":{"rendered":"http:\/\/fk-villastahmer.veldten.eu\/?p=288"},"modified":"2024-05-27T16:26:04","modified_gmt":"2024-05-27T16:26:04","slug":"lieder-an-einem-sommerabend-2","status":"publish","type":"post","link":"https:\/\/fk-villastahmer.de\/?p=288","title":{"rendered":"Lieder an einem Sommerabend"},"content":{"rendered":"<p>Open \u2013 Air<\/p>\n<p><strong>\u00a0<\/strong><\/p>\n<h2><strong><em>\u201eLieder an einem Sommerabend\u201c<\/em><\/strong><\/h2>\n<h2><strong>Rudolf Engelbrecht, Gitarre und Gesang<\/strong><\/h2>\n<p><strong>\u00a0<\/strong><strong>\u00a0<\/strong><\/p>\n<h3><strong>Freitag, 14. Juli 2023, 19:30 Uhr<\/strong><\/h3>\n<p><strong>\u00a0<\/strong><\/p>\n<p><strong>\u00a0<\/strong><\/p>\n<p>Der franz\u00f6sische Nationalfeiertag am 14. Juli ist Anlass genug, um bekannte franz\u00f6sische Chansons wieder aufleben zu lassen: Joe Dassin, Georges Moustaki und Yves Harry Montand lassen gr\u00fc\u00dfen.<\/p>\n<p>Der musikalische Weg zu Mikis Theodorakis, der mit Moustaki befreundet war, ist dann nicht mehr weit. Seine popul\u00e4ren eing\u00e4ngigen Melodien \u00fcben nach wie vor eine gro\u00dfe Faszination aus.<\/p>\n<p>An diesem Abend erinnern wir auch an einen gro\u00dfen S\u00e4nger und Menschenfreund, der in diesem Jahr verstorben ist: Harry Belafonte. Er nimmt uns mit seinen wunderbaren Liedern mit in die Karibik. Unvergessen sein \u201eIsland in the Sun\u201c und der \u201eBanana Boat Song\u201c. Songs von Johnny Cash und Cat Stevens d\u00fcrfen an einem Liederabend auch nicht fehlen.<\/p>\n<p>Ein Medley mit Melodien aus den 20iger Jahren, das Rudolf Engelbrecht speziell f\u00fcr unser Konzert zusammengestellt hat, ist ein weiterer H\u00f6hepunkt des Abends. Und die eine oder andere \u00dcberraschung will er noch nicht verraten.<\/p>\n<p>&nbsp;<\/p>\n<p>Ort:\u00a0\u00a0 Museum Villa Stahmer Abendkasse: 12 \u20ac<\/p>\n<p>Kartenreservierung unter <a href=\"mailto:info@fk-villastahmer.de\">info@fk-villastahmer.de <\/a>oder 0176-70242395<\/p>\n","protected":false},"excerpt":{"rendered":"<p>Open \u2013 Air \u00a0 \u201eLieder an einem Sommerabend\u201c Rudolf Engelbrecht, Gitarre und Gesang \u00a0\u00a0 Freitag, 14. Juli 2023, 19:30 Uhr \u00a0 \u00a0 Der franz\u00f6sische Nationalfeiertag am 14. Juli ist Anlass genug, um bekannte franz\u00f6sische Chansons wieder aufleben zu lassen: Joe&#8230; <a href=\"https:\/\/fk-villastahmer.de\/?p=288\" class=\"readmore\">Mehr lesen &#8230;<span class=\"screen-reader-text\">Lieder an einem Sommerabend<\/span><span class=\"fa fa-angle-double-right\" aria-hidden=\"true\"><\/span><\/a><\/p>\n","protected":false},"author":1,"featured_media":289,"comment_status":"open","ping_status":"open","sticky":false,"template":"","format":"standard","meta":{"footnotes":""},"categories":[4],"tags":[],"class_list":["post-288","post","type-post","status-publish","format-standard","has-post-thumbnail","hentry","category-veranstaltungen","content-layout-full"],"rttpg_featured_image_url":{"full":["https:\/\/fk-villastahmer.de\/wp-content\/uploads\/2024\/05\/Plakat7-Liederabend_1-e1716826937765.jpg",350,495,false],"landscape":["https:\/\/fk-villastahmer.de\/wp-content\/uploads\/2024\/05\/Plakat7-Liederabend_1-e1716826937765.jpg",350,495,false],"portraits":["https:\/\/fk-villastahmer.de\/wp-content\/uploads\/2024\/05\/Plakat7-Liederabend_1-e1716826937765.jpg",350,495,false],"thumbnail":["https:\/\/fk-villastahmer.de\/wp-content\/uploads\/2024\/05\/Plakat7-Liederabend_1-150x150.jpg",150,150,true],"medium":["https:\/\/fk-villastahmer.de\/wp-content\/uploads\/2024\/05\/Plakat7-Liederabend_1-212x300.jpg",212,300,true],"large":["https:\/\/fk-villastahmer.de\/wp-content\/uploads\/2024\/05\/Plakat7-Liederabend_1-e1716826937765.jpg",350,495,false],"1536x1536":["https:\/\/fk-villastahmer.de\/wp-content\/uploads\/2024\/05\/Plakat7-Liederabend_1-e1716826937765.jpg",350,495,false],"2048x2048":["https:\/\/fk-villastahmer.de\/wp-content\/uploads\/2024\/05\/Plakat7-Liederabend_1-e1716826937765.jpg",350,495,false]},"rttpg_author":{"display_name":"g","author_link":"https:\/\/fk-villastahmer.de\/?author=1"},"rttpg_comment":0,"rttpg_category":"<a href=\"https:\/\/fk-villastahmer.de\/?cat=4\" rel=\"category\">Veranstaltungen<\/a>","rttpg_excerpt":"Open \u2013 Air \u00a0 \u201eLieder an einem Sommerabend\u201c Rudolf Engelbrecht, Gitarre und Gesang \u00a0\u00a0 Freitag, 14. Juli 2023, 19:30 Uhr \u00a0 \u00a0 Der franz\u00f6sische Nationalfeiertag am 14. Juli ist Anlass genug, um bekannte franz\u00f6sische Chansons wieder aufleben zu lassen: Joe... Mehr lesen ...Lieder an einem Sommerabend","_links":{"self":[{"href":"https:\/\/fk-villastahmer.de\/index.php?rest_route=\/wp\/v2\/posts\/288","targetHints":{"allow":["GET"]}}],"collection":[{"href":"https:\/\/fk-villastahmer.de\/index.php?rest_route=\/wp\/v2\/posts"}],"about":[{"href":"https:\/\/fk-villastahmer.de\/index.php?rest_route=\/wp\/v2\/types\/post"}],"author":[{"embeddable":true,"href":"https:\/\/fk-villastahmer.de\/index.php?rest_route=\/wp\/v2\/users\/1"}],"replies":[{"embeddable":true,"href":"https:\/\/fk-villastahmer.de\/index.php?rest_route=%2Fwp%2Fv2%2Fcomments&post=288"}],"version-history":[{"count":1,"href":"https:\/\/fk-villastahmer.de\/index.php?rest_route=\/wp\/v2\/posts\/288\/revisions"}],"predecessor-version":[{"id":290,"href":"https:\/\/fk-villastahmer.de\/index.php?rest_route=\/wp\/v2\/posts\/288\/revisions\/290"}],"wp:featuredmedia":[{"embeddable":true,"href":"https:\/\/fk-villastahmer.de\/index.php?rest_route=\/wp\/v2\/media\/289"}],"wp:attachment":[{"href":"https:\/\/fk-villastahmer.de\/index.php?rest_route=%2Fwp%2Fv2%2Fmedia&parent=288"}],"wp:term":[{"taxonomy":"category","embeddable":true,"href":"https:\/\/fk-villastahmer.de\/index.php?rest_route=%2Fwp%2Fv2%2Fcategories&post=288"},{"taxonomy":"post_tag","embeddable":true,"href":"https:\/\/fk-villastahmer.de\/index.php?rest_route=%2Fwp%2Fv2%2Ftags&post=288"}],"curies":[{"name":"wp","href":"https:\/\/api.w.org\/{rel}","templated":true}]}}