{"id":275,"date":"2023-11-08T16:37:52","date_gmt":"2023-11-08T16:37:52","guid":{"rendered":"http:\/\/fk-villastahmer.veldten.eu\/?p=275"},"modified":"2024-05-24T16:41:02","modified_gmt":"2024-05-24T16:41:02","slug":"a-capella-konzert-in-der-villa-stahmer","status":"publish","type":"post","link":"https:\/\/fk-villastahmer.de\/?p=275","title":{"rendered":"A-capella Konzert in der Villa Stahmer"},"content":{"rendered":"<p><img loading=\"lazy\" decoding=\"async\" class=\"alignnone size-medium wp-image-276 aligncenter\" src=\"http:\/\/fk-villastahmer.de\/wp-content\/uploads\/2024\/05\/Stimmmich-300x98.jpg\" alt=\"\" width=\"300\" height=\"98\" srcset=\"https:\/\/fk-villastahmer.de\/wp-content\/uploads\/2024\/05\/Stimmmich-300x98.jpg 300w, https:\/\/fk-villastahmer.de\/wp-content\/uploads\/2024\/05\/Stimmmich-768x251.jpg 768w, https:\/\/fk-villastahmer.de\/wp-content\/uploads\/2024\/05\/Stimmmich.jpg 787w\" sizes=\"auto, (max-width: 300px) 100vw, 300px\" \/><\/p>\n<h2 style=\"text-align: center;\"><strong>A-capella Konzert in der Villa Stahmer <\/strong><\/h2>\n<h2 style=\"text-align: center;\"><strong>Freitag, 10. November 2023, 19:30 Uhr <\/strong><\/h2>\n<p><strong>\u00a0<\/strong><\/p>\n<p>&nbsp;<\/p>\n<p><strong><em>\u201cStim(m)mich<\/em>\u201c\u00a0 <\/strong>&#8211;\u00a0 das sind <strong><em>Nina Chapmann, Daniela und Ulli Pommer, Sandrina<\/em><\/strong> <strong><em>Str\u00f6tzel sowie Andreas Wulftange<\/em><\/strong> aus Osnabr\u00fcck und Hagen a.T.W.<\/p>\n<p>Die f\u00fcnfk\u00f6pfige Combo verbindet neben Freundschaften oder famili\u00e4ren Beziehungen generations\u00fcbergreifend die Begeisterung f\u00fcr a-capella Musik.<\/p>\n<p>Vor ein paar Jahren haben sie es dann einfach mal zusammen probiert und bis heute nicht damit aufgeh\u00f6rt.<\/p>\n<p>Erste Kurzauftritte und ein Konzert in der Villa Stahmer 2019 erzeugten solch positive Resonanz, dass \u201e<strong><em>Stim(m)mich\u201c<\/em><\/strong>\u00a0 nun gerne ein zweites buntes Konzertprogramm pr\u00e4sentiert.<\/p>\n<p>Dargeboten werden unterschiedlichste a-capella-Arrangements. Bekannte ebenso wie unbekannte Songs werden in unterschiedlichen Stimmungen von ernst bis heiter den Abend pr\u00e4gen.<\/p>\n<p>&nbsp;<\/p>\n<p>Ort:\u00a0\u00a0 Museum Villa Stahmer<\/p>\n<p>Abendkasse: 14 \u20ac<\/p>\n<p>Kartenreservierung unter info@fk-villastahmer.de oder 0176-70242395<\/p>\n","protected":false},"excerpt":{"rendered":"<p>A-capella Konzert in der Villa Stahmer Freitag, 10. November 2023, 19:30 Uhr \u00a0 &nbsp; \u201cStim(m)mich\u201c\u00a0 &#8211;\u00a0 das sind Nina Chapmann, Daniela und Ulli Pommer, Sandrina Str\u00f6tzel sowie Andreas Wulftange aus Osnabr\u00fcck und Hagen a.T.W. Die f\u00fcnfk\u00f6pfige Combo verbindet neben Freundschaften&#8230; <a href=\"https:\/\/fk-villastahmer.de\/?p=275\" class=\"readmore\">Mehr lesen &#8230;<span class=\"screen-reader-text\">A-capella Konzert in der Villa Stahmer<\/span><span class=\"fa fa-angle-double-right\" aria-hidden=\"true\"><\/span><\/a><\/p>\n","protected":false},"author":1,"featured_media":278,"comment_status":"open","ping_status":"open","sticky":false,"template":"","format":"standard","meta":{"footnotes":""},"categories":[4],"tags":[],"class_list":["post-275","post","type-post","status-publish","format-standard","has-post-thumbnail","hentry","category-veranstaltungen","content-layout-full"],"rttpg_featured_image_url":{"full":["https:\/\/fk-villastahmer.de\/wp-content\/uploads\/2024\/05\/Plakat11-Stimmmich-e1716568606783.jpg",350,495,false],"landscape":["https:\/\/fk-villastahmer.de\/wp-content\/uploads\/2024\/05\/Plakat11-Stimmmich-e1716568606783.jpg",350,495,false],"portraits":["https:\/\/fk-villastahmer.de\/wp-content\/uploads\/2024\/05\/Plakat11-Stimmmich-e1716568606783.jpg",350,495,false],"thumbnail":["https:\/\/fk-villastahmer.de\/wp-content\/uploads\/2024\/05\/Plakat11-Stimmmich-150x150.jpg",150,150,true],"medium":["https:\/\/fk-villastahmer.de\/wp-content\/uploads\/2024\/05\/Plakat11-Stimmmich-212x300.jpg",212,300,true],"large":["https:\/\/fk-villastahmer.de\/wp-content\/uploads\/2024\/05\/Plakat11-Stimmmich-e1716568606783.jpg",350,495,false],"1536x1536":["https:\/\/fk-villastahmer.de\/wp-content\/uploads\/2024\/05\/Plakat11-Stimmmich-e1716568606783.jpg",350,495,false],"2048x2048":["https:\/\/fk-villastahmer.de\/wp-content\/uploads\/2024\/05\/Plakat11-Stimmmich-e1716568606783.jpg",350,495,false]},"rttpg_author":{"display_name":"g","author_link":"https:\/\/fk-villastahmer.de\/?author=1"},"rttpg_comment":0,"rttpg_category":"<a href=\"https:\/\/fk-villastahmer.de\/?cat=4\" rel=\"category\">Veranstaltungen<\/a>","rttpg_excerpt":"A-capella Konzert in der Villa Stahmer Freitag, 10. November 2023, 19:30 Uhr \u00a0 &nbsp; \u201cStim(m)mich\u201c\u00a0 &#8211;\u00a0 das sind Nina Chapmann, Daniela und Ulli Pommer, Sandrina Str\u00f6tzel sowie Andreas Wulftange aus Osnabr\u00fcck und Hagen a.T.W. Die f\u00fcnfk\u00f6pfige Combo verbindet neben Freundschaften... Mehr lesen ...A-capella Konzert in der Villa Stahmer","_links":{"self":[{"href":"https:\/\/fk-villastahmer.de\/index.php?rest_route=\/wp\/v2\/posts\/275","targetHints":{"allow":["GET"]}}],"collection":[{"href":"https:\/\/fk-villastahmer.de\/index.php?rest_route=\/wp\/v2\/posts"}],"about":[{"href":"https:\/\/fk-villastahmer.de\/index.php?rest_route=\/wp\/v2\/types\/post"}],"author":[{"embeddable":true,"href":"https:\/\/fk-villastahmer.de\/index.php?rest_route=\/wp\/v2\/users\/1"}],"replies":[{"embeddable":true,"href":"https:\/\/fk-villastahmer.de\/index.php?rest_route=%2Fwp%2Fv2%2Fcomments&post=275"}],"version-history":[{"count":1,"href":"https:\/\/fk-villastahmer.de\/index.php?rest_route=\/wp\/v2\/posts\/275\/revisions"}],"predecessor-version":[{"id":279,"href":"https:\/\/fk-villastahmer.de\/index.php?rest_route=\/wp\/v2\/posts\/275\/revisions\/279"}],"wp:featuredmedia":[{"embeddable":true,"href":"https:\/\/fk-villastahmer.de\/index.php?rest_route=\/wp\/v2\/media\/278"}],"wp:attachment":[{"href":"https:\/\/fk-villastahmer.de\/index.php?rest_route=%2Fwp%2Fv2%2Fmedia&parent=275"}],"wp:term":[{"taxonomy":"category","embeddable":true,"href":"https:\/\/fk-villastahmer.de\/index.php?rest_route=%2Fwp%2Fv2%2Fcategories&post=275"},{"taxonomy":"post_tag","embeddable":true,"href":"https:\/\/fk-villastahmer.de\/index.php?rest_route=%2Fwp%2Fv2%2Ftags&post=275"}],"curies":[{"name":"wp","href":"https:\/\/api.w.org\/{rel}","templated":true}]}}