{"id":269,"date":"2023-11-23T16:17:37","date_gmt":"2023-11-23T16:17:37","guid":{"rendered":"http:\/\/fk-villastahmer.veldten.eu\/?p=269"},"modified":"2024-05-24T16:22:20","modified_gmt":"2024-05-24T16:22:20","slug":"klavierabend","status":"publish","type":"post","link":"https:\/\/fk-villastahmer.de\/?p=269","title":{"rendered":"Klavierabend\u00a0\u00a0\u00a0"},"content":{"rendered":"<h2 style=\"text-align: center;\"><strong><em>\u201eKlavierabend\u201c\u00a0\u00a0 <\/em><\/strong><\/h2>\n<h2 style=\"text-align: center;\"><strong><em>3. <\/em><\/strong><strong>Konzertabend der Konzertreihe \u201eKlassik grenzenlos\u201c <\/strong><\/h2>\n<h3 style=\"text-align: center;\"><strong>Zum 375. Jubil\u00e4umsjahr des Westf\u00e4lischen Friedens mit dem Pianisten Andr\u00e9 Sebastian Wickel <\/strong><\/h3>\n<h2 style=\"text-align: center;\"><strong>Freitag, 24. November 2023, 19:30 Uhr\u00a0\u00a0\u00a0\u00a0\u00a0\u00a0\u00a0\u00a0\u00a0\u00a0\u00a0\u00a0 <\/strong><\/h2>\n<p>&nbsp;<\/p>\n<p><strong>Klaviermusik erinnert an Krieg und Frieden <\/strong><\/p>\n<p>Klavierwerke der Wiener Klassik und klassischen Moderne stehen im Mittelpunkt des Klavierrecitals von<\/p>\n<p><strong>Andr\u00e9 Sebastian Wickel<\/strong>, der im Rahmen der Konzertreihe <strong>\u201eKlassik grenzenlos\u201c<\/strong> sein zweites Solokonzert in der Villa Stahmer spielen wird. Das diesj\u00e4hrige Programm konzentriert sich, nach einer kurzen Er\u00f6ffnung mit Musik von J. S. Bach, auf zwei andere Ausnahmek\u00fcnstler der Musik:\u00a0\u00a0\u00a0\u00a0\u00a0\u00a0\u00a0\u00a0\u00a0\u00a0\u00a0\u00a0\u00a0\u00a0\u00a0\u00a0 Ludwig van Beethoven und Maurice Ravel.<\/p>\n<p>Mit seiner ber\u00fchmten \u201ePastoralsonate\u201c spiegelt Beethoven den Zeitgeist des 18. Jahrhunderts mit seinem Anspruch auf Vernunft und Wissenschaft klanglich wider. \u00c4u\u00dferlich ist das Werk \u201eklassisch\u201c viers\u00e4tzig konzipiert, aber mit der geschickten thematisch-motivischen Verkn\u00fcpfung der S\u00e4tze erweitert Beethoven den Ambitus \u00fcber die g\u00e4ngigen Sonaten seiner Epoche. Das Werk wirkt durch die Verbindung seiner Teile als Einheit, die obgleich sehr zerbrechlich ist. Erst in seiner weiteren k\u00fcnstlerischen Entwicklung wird Beethoven diese Schreibweise vertiefen und letztlich mit seinem Sp\u00e4twerk vollenden.<\/p>\n<p>\u201eLe Tombeau de Couperin\u201c ist eines der wichtigsten und anspruchsvollsten Klavierwerke von Maurice<\/p>\n<p>Ravel. Zwischen 1914-17, w\u00e4hrend des ersten Weltkrieges, komponierte Ravel diese Sammlung von sechs<\/p>\n<p>Klavierst\u00fccken. Mit \u201eTombeau\u201c (franz. \u201cSpielart\u201c) hat Ravel einen pianistischen H\u00f6hepunkt des<\/p>\n<p>Neoklassizismus erschaffen, in welchem Stilelemente des Barock, der Wiener Klassik, der Romantik und Moderne verschmelzen, ein Feuerwerk des Klavierspiels. Andr\u00e9 Wickel wird drei der hochvirtuosen St\u00fccke interpretieren.<\/p>\n<p>Der Klavierabend ist das dritte Konzert der Reihe \u201eKlassik grenzenlos\u201c. In dieser Konzertreihe, gef\u00f6rdert durch den Landkreis Osnabr\u00fcck, wird Nachwuchs- und Profimusikern aus dem In- und Ausland ein \u00f6ffentliches Podium zu ihrer beruflichen und k\u00fcnstlerischen Entwicklung geboten.<\/p>\n<p>&nbsp;<\/p>\n<p><strong>Ort:\u00a0\u00a0 Museum Villa Stahmer\u00a0\u00a0\u00a0\u00a0\u00a0\u00a0\u00a0\u00a0\u00a0\u00a0\u00a0\u00a0\u00a0\u00a0\u00a0\u00a0\u00a0\u00a0\u00a0\u00a0\u00a0\u00a0\u00a0\u00a0\u00a0\u00a0\u00a0\u00a0\u00a0\u00a0\u00a0\u00a0\u00a0\u00a0\u00a0\u00a0\u00a0\u00a0\u00a0\u00a0\u00a0\u00a0\u00a0\u00a0\u00a0\u00a0\u00a0\u00a0\u00a0\u00a0\u00a0\u00a0\u00a0\u00a0\u00a0\u00a0\u00a0\u00a0\u00a0\u00a0\u00a0\u00a0\u00a0\u00a0\u00a0\u00a0\u00a0\u00a0\u00a0\u00a0\u00a0\u00a0\u00a0\u00a0\u00a0\u00a0\u00a0\u00a0\u00a0\u00a0\u00a0\u00a0\u00a0\u00a0\u00a0\u00a0\u00a0\u00a0\u00a0\u00a0\u00a0\u00a0 <\/strong><\/p>\n<p><strong>Abendkasse: 12 \u20ac, Studenten\/ Sch\u00fcler 6 \u20ac\u00a0\u00a0\u00a0\u00a0\u00a0\u00a0\u00a0\u00a0\u00a0\u00a0\u00a0\u00a0\u00a0\u00a0\u00a0\u00a0\u00a0\u00a0\u00a0\u00a0\u00a0\u00a0\u00a0\u00a0\u00a0\u00a0\u00a0\u00a0\u00a0\u00a0\u00a0\u00a0\u00a0\u00a0\u00a0\u00a0\u00a0\u00a0\u00a0\u00a0\u00a0\u00a0\u00a0\u00a0\u00a0\u00a0\u00a0\u00a0\u00a0\u00a0\u00a0\u00a0\u00a0\u00a0\u00a0\u00a0\u00a0\u00a0\u00a0\u00a0\u00a0\u00a0\u00a0\u00a0\u00a0\u00a0\u00a0\u00a0\u00a0\u00a0\u00a0\u00a0 <\/strong><\/p>\n<p><strong>Kartenreservierung unter info@fk-villastahmer.de oder 0176-70242395\u00a0 <\/strong><\/p>\n<p>Gef\u00f6rdert wird die Konzertreihe durch den Landkreis Osnabr\u00fcck<\/p>\n","protected":false},"excerpt":{"rendered":"<p>\u201eKlavierabend\u201c\u00a0\u00a0 3. Konzertabend der Konzertreihe \u201eKlassik grenzenlos\u201c Zum 375. Jubil\u00e4umsjahr des Westf\u00e4lischen Friedens mit dem Pianisten Andr\u00e9 Sebastian Wickel Freitag, 24. November 2023, 19:30 Uhr\u00a0\u00a0\u00a0\u00a0\u00a0\u00a0\u00a0\u00a0\u00a0\u00a0\u00a0\u00a0 &nbsp; Klaviermusik erinnert an Krieg und Frieden Klavierwerke der Wiener Klassik und klassischen Moderne stehen&#8230; <a href=\"https:\/\/fk-villastahmer.de\/?p=269\" class=\"readmore\">Mehr lesen &#8230;<span class=\"screen-reader-text\">Klavierabend\u00a0\u00a0\u00a0<\/span><span class=\"fa fa-angle-double-right\" aria-hidden=\"true\"><\/span><\/a><\/p>\n","protected":false},"author":1,"featured_media":270,"comment_status":"open","ping_status":"open","sticky":false,"template":"","format":"standard","meta":{"footnotes":""},"categories":[4],"tags":[],"class_list":["post-269","post","type-post","status-publish","format-standard","has-post-thumbnail","hentry","category-veranstaltungen","content-layout-full"],"rttpg_featured_image_url":{"full":["https:\/\/fk-villastahmer.de\/wp-content\/uploads\/2024\/05\/Plakat12-Klavierkonzert-e1716567401706.png",350,495,false],"landscape":["https:\/\/fk-villastahmer.de\/wp-content\/uploads\/2024\/05\/Plakat12-Klavierkonzert-e1716567401706.png",350,495,false],"portraits":["https:\/\/fk-villastahmer.de\/wp-content\/uploads\/2024\/05\/Plakat12-Klavierkonzert-e1716567401706.png",350,495,false],"thumbnail":["https:\/\/fk-villastahmer.de\/wp-content\/uploads\/2024\/05\/Plakat12-Klavierkonzert-150x150.png",150,150,true],"medium":["https:\/\/fk-villastahmer.de\/wp-content\/uploads\/2024\/05\/Plakat12-Klavierkonzert-212x300.png",212,300,true],"large":["https:\/\/fk-villastahmer.de\/wp-content\/uploads\/2024\/05\/Plakat12-Klavierkonzert-e1716567401706.png",350,495,false],"1536x1536":["https:\/\/fk-villastahmer.de\/wp-content\/uploads\/2024\/05\/Plakat12-Klavierkonzert-e1716567401706.png",350,495,false],"2048x2048":["https:\/\/fk-villastahmer.de\/wp-content\/uploads\/2024\/05\/Plakat12-Klavierkonzert-e1716567401706.png",350,495,false]},"rttpg_author":{"display_name":"g","author_link":"https:\/\/fk-villastahmer.de\/?author=1"},"rttpg_comment":0,"rttpg_category":"<a href=\"https:\/\/fk-villastahmer.de\/?cat=4\" rel=\"category\">Veranstaltungen<\/a>","rttpg_excerpt":"\u201eKlavierabend\u201c\u00a0\u00a0 3. Konzertabend der Konzertreihe \u201eKlassik grenzenlos\u201c Zum 375. Jubil\u00e4umsjahr des Westf\u00e4lischen Friedens mit dem Pianisten Andr\u00e9 Sebastian Wickel Freitag, 24. November 2023, 19:30 Uhr\u00a0\u00a0\u00a0\u00a0\u00a0\u00a0\u00a0\u00a0\u00a0\u00a0\u00a0\u00a0 &nbsp; Klaviermusik erinnert an Krieg und Frieden Klavierwerke der Wiener Klassik und klassischen Moderne stehen... Mehr lesen ...Klavierabend\u00a0\u00a0\u00a0","_links":{"self":[{"href":"https:\/\/fk-villastahmer.de\/index.php?rest_route=\/wp\/v2\/posts\/269","targetHints":{"allow":["GET"]}}],"collection":[{"href":"https:\/\/fk-villastahmer.de\/index.php?rest_route=\/wp\/v2\/posts"}],"about":[{"href":"https:\/\/fk-villastahmer.de\/index.php?rest_route=\/wp\/v2\/types\/post"}],"author":[{"embeddable":true,"href":"https:\/\/fk-villastahmer.de\/index.php?rest_route=\/wp\/v2\/users\/1"}],"replies":[{"embeddable":true,"href":"https:\/\/fk-villastahmer.de\/index.php?rest_route=%2Fwp%2Fv2%2Fcomments&post=269"}],"version-history":[{"count":4,"href":"https:\/\/fk-villastahmer.de\/index.php?rest_route=\/wp\/v2\/posts\/269\/revisions"}],"predecessor-version":[{"id":274,"href":"https:\/\/fk-villastahmer.de\/index.php?rest_route=\/wp\/v2\/posts\/269\/revisions\/274"}],"wp:featuredmedia":[{"embeddable":true,"href":"https:\/\/fk-villastahmer.de\/index.php?rest_route=\/wp\/v2\/media\/270"}],"wp:attachment":[{"href":"https:\/\/fk-villastahmer.de\/index.php?rest_route=%2Fwp%2Fv2%2Fmedia&parent=269"}],"wp:term":[{"taxonomy":"category","embeddable":true,"href":"https:\/\/fk-villastahmer.de\/index.php?rest_route=%2Fwp%2Fv2%2Fcategories&post=269"},{"taxonomy":"post_tag","embeddable":true,"href":"https:\/\/fk-villastahmer.de\/index.php?rest_route=%2Fwp%2Fv2%2Ftags&post=269"}],"curies":[{"name":"wp","href":"https:\/\/api.w.org\/{rel}","templated":true}]}}