{"id":243,"date":"2024-03-12T15:15:52","date_gmt":"2024-03-12T15:15:52","guid":{"rendered":"http:\/\/fk-villastahmer.veldten.eu\/?p=243"},"modified":"2024-05-12T15:19:32","modified_gmt":"2024-05-12T15:19:32","slug":"bottle-of-rain","status":"publish","type":"post","link":"https:\/\/fk-villastahmer.de\/?p=243","title":{"rendered":"Bottle of Rain"},"content":{"rendered":"<h2 style=\"text-align: center;\"><strong>Irischer Abend mit <\/strong><strong>\u201e<em>Bottle of Rain<\/em>\u201c\u00a0\u00a0\u00a0 <\/strong><\/h2>\n<p style=\"text-align: center;\"><strong>Freitag, 22.\u00a0 M\u00e4rz 2024 <\/strong><strong>\u00a0um 19:30 Uhr\u00a0 in der Villa Stahmer<\/strong><\/p>\n<p>&nbsp;<\/p>\n<p>Der irische Abend mit der Gruppe \u201eBottle of Rain\u201c, Sven G\u00f6ttsche, Daniela und Claas Bu\u00dfmann, verspricht eine musikalische Reise durch Irland mit fr\u00f6hlichen Liedern, wehm\u00fctigen Balladen und schwungvollen T\u00e4nzen.<\/p>\n<p>\u201eBottle of Rain\u201c spielt \u201eIrish Music\u201c auf erfrischend unterhaltsame Weise. Die abwechslungsreiche Mischung aus Instrumentals und Gesangsst\u00fccken l\u00e4sst keine Langeweile aufkommen.<\/p>\n<p>Durch die traditionelle Instrumentierung u.a. mit Bodhran, Tin-Whistle, Flute, Irish Box und Conzertina erg\u00e4nzt durch ein groovendes Schlagzeug, wird\u00a0\u00a0 eine gro\u00dfe Bandbreite unterschiedlicher Sounds und Spielarten des Irish-Folk pr\u00e4sentiert und das Publikum kann in den Flair eines \u201eIrish Pub\u201c eintauchen.<\/p>\n<p>Zur Veranstaltung gibt es die passenden irischen Getr\u00e4nke.<\/p>\n<p>&nbsp;<\/p>\n<p>Ort:\u00a0\u00a0 Museum Villa Stahmer, Carl-Stahmer-Weg 13, 49124 GMH\u00fctte<\/p>\n<p>Abendkasse: 16 \u20ac<\/p>\n<p>Kartenreservierung unter <u>info@fk-villastahmer.de<\/u> oder 0176-70242395<\/p>\n","protected":false},"excerpt":{"rendered":"<p>Irischer Abend mit \u201eBottle of Rain\u201c\u00a0\u00a0\u00a0 Freitag, 22.\u00a0 M\u00e4rz 2024 \u00a0um 19:30 Uhr\u00a0 in der Villa Stahmer &nbsp; Der irische Abend mit der Gruppe \u201eBottle of Rain\u201c, Sven G\u00f6ttsche, Daniela und Claas Bu\u00dfmann, verspricht eine musikalische Reise durch Irland mit&#8230; <a href=\"https:\/\/fk-villastahmer.de\/?p=243\" class=\"readmore\">Mehr lesen &#8230;<span class=\"screen-reader-text\">Bottle of Rain<\/span><span class=\"fa fa-angle-double-right\" aria-hidden=\"true\"><\/span><\/a><\/p>\n","protected":false},"author":1,"featured_media":244,"comment_status":"open","ping_status":"open","sticky":false,"template":"","format":"standard","meta":{"footnotes":""},"categories":[4],"tags":[],"class_list":["post-243","post","type-post","status-publish","format-standard","has-post-thumbnail","hentry","category-veranstaltungen","content-layout-full"],"rttpg_featured_image_url":{"full":["https:\/\/fk-villastahmer.de\/wp-content\/uploads\/2024\/05\/Plakat_Irischer_Abend_24008_B_Page_1.jpg",351,496,false],"landscape":["https:\/\/fk-villastahmer.de\/wp-content\/uploads\/2024\/05\/Plakat_Irischer_Abend_24008_B_Page_1.jpg",351,496,false],"portraits":["https:\/\/fk-villastahmer.de\/wp-content\/uploads\/2024\/05\/Plakat_Irischer_Abend_24008_B_Page_1.jpg",351,496,false],"thumbnail":["https:\/\/fk-villastahmer.de\/wp-content\/uploads\/2024\/05\/Plakat_Irischer_Abend_24008_B_Page_1-150x150.jpg",150,150,true],"medium":["https:\/\/fk-villastahmer.de\/wp-content\/uploads\/2024\/05\/Plakat_Irischer_Abend_24008_B_Page_1-212x300.jpg",212,300,true],"large":["https:\/\/fk-villastahmer.de\/wp-content\/uploads\/2024\/05\/Plakat_Irischer_Abend_24008_B_Page_1.jpg",351,496,false],"1536x1536":["https:\/\/fk-villastahmer.de\/wp-content\/uploads\/2024\/05\/Plakat_Irischer_Abend_24008_B_Page_1.jpg",351,496,false],"2048x2048":["https:\/\/fk-villastahmer.de\/wp-content\/uploads\/2024\/05\/Plakat_Irischer_Abend_24008_B_Page_1.jpg",351,496,false]},"rttpg_author":{"display_name":"g","author_link":"https:\/\/fk-villastahmer.de\/?author=1"},"rttpg_comment":0,"rttpg_category":"<a href=\"https:\/\/fk-villastahmer.de\/?cat=4\" rel=\"category\">Veranstaltungen<\/a>","rttpg_excerpt":"Irischer Abend mit \u201eBottle of Rain\u201c\u00a0\u00a0\u00a0 Freitag, 22.\u00a0 M\u00e4rz 2024 \u00a0um 19:30 Uhr\u00a0 in der Villa Stahmer &nbsp; Der irische Abend mit der Gruppe \u201eBottle of Rain\u201c, Sven G\u00f6ttsche, Daniela und Claas Bu\u00dfmann, verspricht eine musikalische Reise durch Irland mit... Mehr lesen ...Bottle of Rain","_links":{"self":[{"href":"https:\/\/fk-villastahmer.de\/index.php?rest_route=\/wp\/v2\/posts\/243","targetHints":{"allow":["GET"]}}],"collection":[{"href":"https:\/\/fk-villastahmer.de\/index.php?rest_route=\/wp\/v2\/posts"}],"about":[{"href":"https:\/\/fk-villastahmer.de\/index.php?rest_route=\/wp\/v2\/types\/post"}],"author":[{"embeddable":true,"href":"https:\/\/fk-villastahmer.de\/index.php?rest_route=\/wp\/v2\/users\/1"}],"replies":[{"embeddable":true,"href":"https:\/\/fk-villastahmer.de\/index.php?rest_route=%2Fwp%2Fv2%2Fcomments&post=243"}],"version-history":[{"count":1,"href":"https:\/\/fk-villastahmer.de\/index.php?rest_route=\/wp\/v2\/posts\/243\/revisions"}],"predecessor-version":[{"id":245,"href":"https:\/\/fk-villastahmer.de\/index.php?rest_route=\/wp\/v2\/posts\/243\/revisions\/245"}],"wp:featuredmedia":[{"embeddable":true,"href":"https:\/\/fk-villastahmer.de\/index.php?rest_route=\/wp\/v2\/media\/244"}],"wp:attachment":[{"href":"https:\/\/fk-villastahmer.de\/index.php?rest_route=%2Fwp%2Fv2%2Fmedia&parent=243"}],"wp:term":[{"taxonomy":"category","embeddable":true,"href":"https:\/\/fk-villastahmer.de\/index.php?rest_route=%2Fwp%2Fv2%2Fcategories&post=243"},{"taxonomy":"post_tag","embeddable":true,"href":"https:\/\/fk-villastahmer.de\/index.php?rest_route=%2Fwp%2Fv2%2Ftags&post=243"}],"curies":[{"name":"wp","href":"https:\/\/api.w.org\/{rel}","templated":true}]}}