{"id":236,"date":"2024-02-12T14:46:55","date_gmt":"2024-02-12T14:46:55","guid":{"rendered":"http:\/\/fk-villastahmer.veldten.eu\/?p=236"},"modified":"2024-05-12T15:48:18","modified_gmt":"2024-05-12T15:48:18","slug":"unverschaemte-freude-am-leben-die-amtsbrueder-und-die-woelfin","status":"publish","type":"post","link":"https:\/\/fk-villastahmer.de\/?p=236","title":{"rendered":"Die Amtsbr\u00fcder und Die W\u00f6lfin"},"content":{"rendered":"<h2 style=\"text-align: center;\"><strong>\u201eUnversch\u00e4mte Freude am Leben\u201c <\/strong><\/h2>\n<h3 style=\"text-align: center;\"><strong>Die AMTSBR\u00dcDER und Die W\u00f6lfin <\/strong><\/h3>\n<h3 style=\"text-align: center;\"><strong>Manni Kehr, Uli Preuss und Christina Wolf <\/strong><\/h3>\n<p style=\"text-align: center;\"><strong>\u00a0<\/strong><strong><em>Chansons\u00a0 *\u00a0 Folk\u00a0 *\u00a0 Oldies<\/em><\/strong><strong> <em>\u00a0<\/em><\/strong><\/p>\n<p style=\"text-align: center;\"><strong>Freitag, 16. Februar, 19:30 Uhr in der Villa Stahmer <\/strong><\/p>\n<p><strong>\u00a0<\/strong><\/p>\n<p>Musik f\u00fcr alle und alles, zum Genie\u00dfen und Nachdenken, zum Mit- und Mut machen verspricht das Konzert der \u201eAmtsbr\u00fcder\u201c.<\/p>\n<p>Die talentierteste Rentnerband Norddeutschlands dr\u00e4ngt, unterst\u00fctzt durch die ebenso musikbesessene Gasts\u00e4ngerin Christina Wolf \u201eDie W\u00f6lfin\u201c, auf die B\u00fchnen dieser Welt. Mit einem Programm aus alten und aktuellen Folksongs, Perlen der LiedermacherInnen-Szene, erg\u00e4nzt durch eigene Sch\u00f6pfungen und Bearbeitungen, sowie alten Schlagern wollen sie von den Gaben, die Ihnen in ihrem langen Leben zuteilgeworden sind, etwas zur\u00fcckgeben, mit einem <strong><em>kritischen und augenzwinkernden Blick auf die Welt und vor allem \u2013 Freude am Leben! <\/em><\/strong><\/p>\n<p>Sie bearbeiten Instrumente wie Piano, Gitarre, Mandoline, Akkordeon, Mandola und haben Freude am zweistimmigen Gesang, der an diesem Konzertabend bisweilen dreistimmig ausf\u00e4llt.<\/p>\n<p>Genie\u00dfen Sie Lieder und Songs von Reinhard Mey, Wolfgang Niedecken, Reinhard Fendrich, Slade, Peter Alexander, Bill Ramsey und vielen anderen bekannten K\u00fcnstlern in der Club-Atmosph\u00e4re der Villa Stahmer.<\/p>\n<p><strong>\u00a0<\/strong><\/p>\n<p><strong>Ort:\u00a0 Museum Villa Stahmer, Carl-Stahmer-Weg 13, 49124 Georgsmarienh\u00fctte\u00a0\u00a0\u00a0\u00a0\u00a0\u00a0\u00a0\u00a0\u00a0\u00a0\u00a0\u00a0\u00a0\u00a0\u00a0\u00a0\u00a0\u00a0\u00a0\u00a0\u00a0\u00a0\u00a0\u00a0\u00a0\u00a0\u00a0\u00a0\u00a0 <\/strong><\/p>\n<p><strong>Abendkasse: 15 \u20ac\u00a0\u00a0\u00a0\u00a0\u00a0\u00a0\u00a0\u00a0\u00a0\u00a0\u00a0\u00a0\u00a0\u00a0\u00a0\u00a0\u00a0\u00a0\u00a0\u00a0\u00a0\u00a0\u00a0\u00a0\u00a0\u00a0\u00a0\u00a0\u00a0\u00a0\u00a0\u00a0\u00a0\u00a0\u00a0\u00a0\u00a0\u00a0\u00a0\u00a0\u00a0\u00a0\u00a0\u00a0\u00a0\u00a0\u00a0\u00a0\u00a0\u00a0\u00a0\u00a0\u00a0\u00a0\u00a0\u00a0\u00a0\u00a0\u00a0\u00a0\u00a0\u00a0\u00a0\u00a0\u00a0\u00a0\u00a0\u00a0\u00a0\u00a0\u00a0\u00a0\u00a0\u00a0\u00a0\u00a0 <\/strong><\/p>\n<p><strong>Kartenreservierungen unter 0176 &#8211; 70242395 oder info@fk-villastahmer.de <\/strong><\/p>\n","protected":false},"excerpt":{"rendered":"<p>\u201eUnversch\u00e4mte Freude am Leben\u201c Die AMTSBR\u00dcDER und Die W\u00f6lfin Manni Kehr, Uli Preuss und Christina Wolf \u00a0Chansons\u00a0 *\u00a0 Folk\u00a0 *\u00a0 Oldies \u00a0 Freitag, 16. Februar, 19:30 Uhr in der Villa Stahmer \u00a0 Musik f\u00fcr alle und alles, zum Genie\u00dfen und&#8230; <a href=\"https:\/\/fk-villastahmer.de\/?p=236\" class=\"readmore\">Mehr lesen &#8230;<span class=\"screen-reader-text\">Die Amtsbr\u00fcder und Die W\u00f6lfin<\/span><span class=\"fa fa-angle-double-right\" aria-hidden=\"true\"><\/span><\/a><\/p>\n","protected":false},"author":1,"featured_media":237,"comment_status":"open","ping_status":"open","sticky":false,"template":"","format":"standard","meta":{"footnotes":""},"categories":[4],"tags":[],"class_list":["post-236","post","type-post","status-publish","format-standard","has-post-thumbnail","hentry","category-veranstaltungen","content-layout-full"],"rttpg_featured_image_url":{"full":["https:\/\/fk-villastahmer.de\/wp-content\/uploads\/2024\/05\/Plakat_Amtsbrueder_Woelfin_24008_B_Page_1-e1715526280761.jpg",350,495,false],"landscape":["https:\/\/fk-villastahmer.de\/wp-content\/uploads\/2024\/05\/Plakat_Amtsbrueder_Woelfin_24008_B_Page_1-e1715526280761.jpg",350,495,false],"portraits":["https:\/\/fk-villastahmer.de\/wp-content\/uploads\/2024\/05\/Plakat_Amtsbrueder_Woelfin_24008_B_Page_1-e1715526280761.jpg",350,495,false],"thumbnail":["https:\/\/fk-villastahmer.de\/wp-content\/uploads\/2024\/05\/Plakat_Amtsbrueder_Woelfin_24008_B_Page_1-150x150.jpg",150,150,true],"medium":["https:\/\/fk-villastahmer.de\/wp-content\/uploads\/2024\/05\/Plakat_Amtsbrueder_Woelfin_24008_B_Page_1-212x300.jpg",212,300,true],"large":["https:\/\/fk-villastahmer.de\/wp-content\/uploads\/2024\/05\/Plakat_Amtsbrueder_Woelfin_24008_B_Page_1-e1715526280761.jpg",350,495,false],"1536x1536":["https:\/\/fk-villastahmer.de\/wp-content\/uploads\/2024\/05\/Plakat_Amtsbrueder_Woelfin_24008_B_Page_1-e1715526280761.jpg",350,495,false],"2048x2048":["https:\/\/fk-villastahmer.de\/wp-content\/uploads\/2024\/05\/Plakat_Amtsbrueder_Woelfin_24008_B_Page_1-e1715526280761.jpg",350,495,false]},"rttpg_author":{"display_name":"g","author_link":"https:\/\/fk-villastahmer.de\/?author=1"},"rttpg_comment":0,"rttpg_category":"<a href=\"https:\/\/fk-villastahmer.de\/?cat=4\" rel=\"category\">Veranstaltungen<\/a>","rttpg_excerpt":"\u201eUnversch\u00e4mte Freude am Leben\u201c Die AMTSBR\u00dcDER und Die W\u00f6lfin Manni Kehr, Uli Preuss und Christina Wolf \u00a0Chansons\u00a0 *\u00a0 Folk\u00a0 *\u00a0 Oldies \u00a0 Freitag, 16. Februar, 19:30 Uhr in der Villa Stahmer \u00a0 Musik f\u00fcr alle und alles, zum Genie\u00dfen und... Mehr lesen ...Die Amtsbr\u00fcder und Die W\u00f6lfin","_links":{"self":[{"href":"https:\/\/fk-villastahmer.de\/index.php?rest_route=\/wp\/v2\/posts\/236","targetHints":{"allow":["GET"]}}],"collection":[{"href":"https:\/\/fk-villastahmer.de\/index.php?rest_route=\/wp\/v2\/posts"}],"about":[{"href":"https:\/\/fk-villastahmer.de\/index.php?rest_route=\/wp\/v2\/types\/post"}],"author":[{"embeddable":true,"href":"https:\/\/fk-villastahmer.de\/index.php?rest_route=\/wp\/v2\/users\/1"}],"replies":[{"embeddable":true,"href":"https:\/\/fk-villastahmer.de\/index.php?rest_route=%2Fwp%2Fv2%2Fcomments&post=236"}],"version-history":[{"count":6,"href":"https:\/\/fk-villastahmer.de\/index.php?rest_route=\/wp\/v2\/posts\/236\/revisions"}],"predecessor-version":[{"id":249,"href":"https:\/\/fk-villastahmer.de\/index.php?rest_route=\/wp\/v2\/posts\/236\/revisions\/249"}],"wp:featuredmedia":[{"embeddable":true,"href":"https:\/\/fk-villastahmer.de\/index.php?rest_route=\/wp\/v2\/media\/237"}],"wp:attachment":[{"href":"https:\/\/fk-villastahmer.de\/index.php?rest_route=%2Fwp%2Fv2%2Fmedia&parent=236"}],"wp:term":[{"taxonomy":"category","embeddable":true,"href":"https:\/\/fk-villastahmer.de\/index.php?rest_route=%2Fwp%2Fv2%2Fcategories&post=236"},{"taxonomy":"post_tag","embeddable":true,"href":"https:\/\/fk-villastahmer.de\/index.php?rest_route=%2Fwp%2Fv2%2Ftags&post=236"}],"curies":[{"name":"wp","href":"https:\/\/api.w.org\/{rel}","templated":true}]}}