{"id":155,"date":"2023-09-01T18:18:52","date_gmt":"2023-09-01T18:18:52","guid":{"rendered":"http:\/\/fk-villastahmer.veldten.eu\/?p=155"},"modified":"2024-05-24T16:10:25","modified_gmt":"2024-05-24T16:10:25","slug":"schlager-revue-mit-dem-duo-diemo","status":"publish","type":"post","link":"https:\/\/fk-villastahmer.de\/?p=155","title":{"rendered":"\u201eSchlager Revue\u201c mit dem Duo Die&#038;Mo"},"content":{"rendered":"<p><strong>\u00a0 \u00a0 \u00a0\u00a0\u00a0\u00a0\u00a0\u00a0\u00a0\u00a0\u00a0\u00a0\u00a0\u00a0\u00a0\u00a0\u00a0\u00a0\u00a0\u00a0\u00a0\u00a0\u00a0\u00a0\u00a0\u00a0\u00a0\u00a0\u00a0\u00a0\u00a0\u00a0\u00a0\u00a0\u00a0\u00a0\u00a0\u00a0\u00a0\u00a0\u00a0\u00a0\u00a0\u00a0\u00a0\u00a0\u00a0\u00a0\u00a0\u00a0\u00a0\u00a0\u00a0\u00a0\u00a0\u00a0\u00a0\u00a0\u00a0\u00a0\u00a0\u00a0\u00a0\u00a0\u00a0\u00a0\u00a0\u00a0\u00a0\u00a0\u00a0\u00a0\u00a0\u00a0\u00a0\u00a0\u00a0\u00a0 <\/strong><strong><br \/>\n<\/strong><\/p>\n<h2><strong>\u201eSchlager Revue\u201c <\/strong><strong>mit dem Duo Die&amp;Mo <\/strong><\/h2>\n<p><strong>Deutsche Schlager der 60ziger bis 90ziger Jahre <\/strong><\/p>\n<p><strong>Freitag, 13. Oktober, 19:30 Uhr <\/strong><\/p>\n<p>Das Duo <strong><em>Die&amp;Mo<\/em><\/strong>, Dieter und Monika R\u00fctten, haben sich, nachdem sie viele Jahre in einer gro\u00dfen Band gespielt haben, vor einigen Jahren als Duo auf die Musik der deutschen Schlager spezialisiert. Inzwischen haben sie ein umfangreiches Programm zusammengestellt und erweitern es st\u00e4ndig mit neuen und alten deutschen Schlagern.<\/p>\n<p>Sie bezeichnen sich gerne als das \u201eetwas andere Gesangsduo\u201c und sind besonders stolz darauf, inzwischen eine musikalische Zeitreise \u00fcber hundert Jahre deutscher Schlager anbieten zu k\u00f6nnen. Der \u00e4lteste Schlager stammt aus dem Jahr 1922, der aktuelle aus 2023.<\/p>\n<p>Bunt gemischt ist ihr Programm, dass sie den verschiedenen Jahreszeiten oder Themen anpassen. Heute stellen sie uns deutsche Schlager der 60ziger bis 90 Jahre vor.<\/p>\n<p>Gerne d\u00fcrfen Sie die K\u00fcnstler musikalisch dabei unterst\u00fctzen. Mitsingen ist erlaubt.<\/p>\n<p><strong>Ort:\u00a0 Museum Villa Stahmer <\/strong><\/p>\n<p><strong>Abendkasse:\u00a0 12 \u20ac\u00a0 <\/strong><\/p>\n<p><strong>Kartenreservierungen unter 0176 &#8211; 70242395 oder info@fk-villastahmer.de <\/strong><\/p>\n","protected":false},"excerpt":{"rendered":"<p>\u00a0 \u00a0 \u00a0\u00a0\u00a0\u00a0\u00a0\u00a0\u00a0\u00a0\u00a0\u00a0\u00a0\u00a0\u00a0\u00a0\u00a0\u00a0\u00a0\u00a0\u00a0\u00a0\u00a0\u00a0\u00a0\u00a0\u00a0\u00a0\u00a0\u00a0\u00a0\u00a0\u00a0\u00a0\u00a0\u00a0\u00a0\u00a0\u00a0\u00a0\u00a0\u00a0\u00a0\u00a0\u00a0\u00a0\u00a0\u00a0\u00a0\u00a0\u00a0\u00a0\u00a0\u00a0\u00a0\u00a0\u00a0\u00a0\u00a0\u00a0\u00a0\u00a0\u00a0\u00a0\u00a0\u00a0\u00a0\u00a0\u00a0\u00a0\u00a0\u00a0\u00a0\u00a0\u00a0\u00a0\u00a0\u00a0 \u201eSchlager Revue\u201c mit dem Duo Die&amp;Mo Deutsche Schlager der 60ziger bis 90ziger Jahre Freitag, 13. Oktober, 19:30 Uhr Das Duo Die&amp;Mo, Dieter und Monika R\u00fctten, haben sich, nachdem sie viele Jahre in einer gro\u00dfen Band gespielt haben,&#8230; <a href=\"https:\/\/fk-villastahmer.de\/?p=155\" class=\"readmore\">Mehr lesen &#8230;<span class=\"screen-reader-text\">\u201eSchlager Revue\u201c mit dem Duo Die&#038;Mo<\/span><span class=\"fa fa-angle-double-right\" aria-hidden=\"true\"><\/span><\/a><\/p>\n","protected":false},"author":1,"featured_media":156,"comment_status":"open","ping_status":"open","sticky":false,"template":"","format":"standard","meta":{"footnotes":""},"categories":[4],"tags":[],"class_list":["post-155","post","type-post","status-publish","format-standard","has-post-thumbnail","hentry","category-veranstaltungen","content-layout-full"],"rttpg_featured_image_url":{"full":["https:\/\/fk-villastahmer.de\/wp-content\/uploads\/2023\/09\/Plakat10-Schlager-Revue-e1716566436886.png",400,565,false],"landscape":["https:\/\/fk-villastahmer.de\/wp-content\/uploads\/2023\/09\/Plakat10-Schlager-Revue-e1716566436886.png",400,565,false],"portraits":["https:\/\/fk-villastahmer.de\/wp-content\/uploads\/2023\/09\/Plakat10-Schlager-Revue-e1716566436886.png",400,565,false],"thumbnail":["https:\/\/fk-villastahmer.de\/wp-content\/uploads\/2023\/09\/Plakat10-Schlager-Revue-150x150.png",150,150,true],"medium":["https:\/\/fk-villastahmer.de\/wp-content\/uploads\/2023\/09\/Plakat10-Schlager-Revue-212x300.png",212,300,true],"large":["https:\/\/fk-villastahmer.de\/wp-content\/uploads\/2023\/09\/Plakat10-Schlager-Revue-e1716566436886.png",400,565,false],"1536x1536":["https:\/\/fk-villastahmer.de\/wp-content\/uploads\/2023\/09\/Plakat10-Schlager-Revue-e1716566436886.png",400,565,false],"2048x2048":["https:\/\/fk-villastahmer.de\/wp-content\/uploads\/2023\/09\/Plakat10-Schlager-Revue-e1716566436886.png",400,565,false]},"rttpg_author":{"display_name":"g","author_link":"https:\/\/fk-villastahmer.de\/?author=1"},"rttpg_comment":0,"rttpg_category":"<a href=\"https:\/\/fk-villastahmer.de\/?cat=4\" rel=\"category\">Veranstaltungen<\/a>","rttpg_excerpt":"\u00a0 \u00a0 \u00a0\u00a0\u00a0\u00a0\u00a0\u00a0\u00a0\u00a0\u00a0\u00a0\u00a0\u00a0\u00a0\u00a0\u00a0\u00a0\u00a0\u00a0\u00a0\u00a0\u00a0\u00a0\u00a0\u00a0\u00a0\u00a0\u00a0\u00a0\u00a0\u00a0\u00a0\u00a0\u00a0\u00a0\u00a0\u00a0\u00a0\u00a0\u00a0\u00a0\u00a0\u00a0\u00a0\u00a0\u00a0\u00a0\u00a0\u00a0\u00a0\u00a0\u00a0\u00a0\u00a0\u00a0\u00a0\u00a0\u00a0\u00a0\u00a0\u00a0\u00a0\u00a0\u00a0\u00a0\u00a0\u00a0\u00a0\u00a0\u00a0\u00a0\u00a0\u00a0\u00a0\u00a0\u00a0\u00a0 \u201eSchlager Revue\u201c mit dem Duo Die&amp;Mo Deutsche Schlager der 60ziger bis 90ziger Jahre Freitag, 13. Oktober, 19:30 Uhr Das Duo Die&amp;Mo, Dieter und Monika R\u00fctten, haben sich, nachdem sie viele Jahre in einer gro\u00dfen Band gespielt haben,... Mehr lesen ...\u201eSchlager Revue\u201c mit dem Duo Die&#038;Mo","_links":{"self":[{"href":"https:\/\/fk-villastahmer.de\/index.php?rest_route=\/wp\/v2\/posts\/155","targetHints":{"allow":["GET"]}}],"collection":[{"href":"https:\/\/fk-villastahmer.de\/index.php?rest_route=\/wp\/v2\/posts"}],"about":[{"href":"https:\/\/fk-villastahmer.de\/index.php?rest_route=\/wp\/v2\/types\/post"}],"author":[{"embeddable":true,"href":"https:\/\/fk-villastahmer.de\/index.php?rest_route=\/wp\/v2\/users\/1"}],"replies":[{"embeddable":true,"href":"https:\/\/fk-villastahmer.de\/index.php?rest_route=%2Fwp%2Fv2%2Fcomments&post=155"}],"version-history":[{"count":4,"href":"https:\/\/fk-villastahmer.de\/index.php?rest_route=\/wp\/v2\/posts\/155\/revisions"}],"predecessor-version":[{"id":266,"href":"https:\/\/fk-villastahmer.de\/index.php?rest_route=\/wp\/v2\/posts\/155\/revisions\/266"}],"wp:featuredmedia":[{"embeddable":true,"href":"https:\/\/fk-villastahmer.de\/index.php?rest_route=\/wp\/v2\/media\/156"}],"wp:attachment":[{"href":"https:\/\/fk-villastahmer.de\/index.php?rest_route=%2Fwp%2Fv2%2Fmedia&parent=155"}],"wp:term":[{"taxonomy":"category","embeddable":true,"href":"https:\/\/fk-villastahmer.de\/index.php?rest_route=%2Fwp%2Fv2%2Fcategories&post=155"},{"taxonomy":"post_tag","embeddable":true,"href":"https:\/\/fk-villastahmer.de\/index.php?rest_route=%2Fwp%2Fv2%2Ftags&post=155"}],"curies":[{"name":"wp","href":"https:\/\/api.w.org\/{rel}","templated":true}]}}